{"id":12576,"date":"2020-10-16T22:06:58","date_gmt":"2020-10-16T22:06:58","guid":{"rendered":"http:\/\/latinexport.us\/blogg\/?p=12576"},"modified":"2020-10-04T06:14:40","modified_gmt":"2020-10-04T06:14:40","slug":"rencontres-nationales-du-transport-public-strasbourg","status":"publish","type":"post","link":"http:\/\/latinexport.us\/blogg\/2020\/10\/16\/rencontres-nationales-du-transport-public-strasbourg\/","title":{"rendered":"Rencontres Nationales Du Transport Public Strasbourg"},"content":{"rendered":"<p>Objectif de production : 50 v\u00e9hicules en 2014 ;100 \u00e0 200 v\u00e9hicules par an \u00e0 terme TRANSBUS-Rencontres nationales du transport public \u00e0 Nantes Les rencontres nationales des transports publics se sont d\u00e9roul\u00e9es cette semaine \u00e0 Strasbourg. Error was encountered while trying to use an ErrorDocument to handle the request. Contactez votre Union D\u00e9partementale ou R\u00e9gionale des associations familiales Choix de lUDAF ou de lURAF S\u00e9lectionner le num\u00e9ro du d\u00e9partement ou le nom de la r\u00e9gion  Apr\u00e8s les quatre prototypes qui ont parcouru les routes de nombreuses agglom\u00e9rations fran\u00e7aises et europ\u00e9ennes depuis deux ans, ce nouveau design int\u00e8gre les retours dexp\u00e9rience des passagers et des op\u00e9rateurs de transport. Minist\u00e8re de lEnseignement Sup\u00e9rieur, de la Recherche et de linnovation <img decoding=\"async\" src=\"http:\/\/instead.monijmindbodyspirit.com\/wp-content\/uploads\/2017\/10\/delit-de-solidarite.png\" alt=\"rencontres nationales du transport public strasbourg\" align=\"center\">  Fin mars prochain, Lille-Flandres et Avignon TGV seront les deux premi\u00e8res gares fran\u00e7aises \u00e0 accueillir le WiFi gratuit. Dici la.. Non, je ne veux pas partir en vacances cette ann\u00e9e. Quels dispositifs pour favoriser la et lutter contre le sexisme et l au travail sont mis en place au sein des autorit\u00e9s organisatrices de et chez les op\u00e9rateurs de? A Belfort, le r\u00e9seau Optymo a lanc\u00e9 une politique qui r\u00e9pond \u00e0 4 enjeux : Media in category 23e rencontres nationales du transport public 13 mai : S\u00e9curit\u00e9 routi\u00e8re et politiques dam\u00e9nagement et mesures en faveurs de lutilisation du v\u00e9lo avec la S\u00e9curit\u00e9 routi\u00e8re, le CADR, le Conseil G\u00e9n\u00e9ral, la CUS. Ouverture de deux enqu\u00eates publiques sur les indications g\u00e9ographiques Linge basque et Absolue Pays de Grasse Des ateliers connect\u00e9s aux pr\u00e9occupations des am\u00e9nageurs et des d\u00e9cideurs : num\u00e9rique et v\u00e9lo, mobilit\u00e9 active au travail, usages professionnels du v\u00e9lo, lintermodalit\u00e9 au service de la mobilit\u00e9 active, signal\u00e9tique et communication pour redonner une place au v\u00e9lo en ville, v\u00e9lo et apprentissage. Copyright 2001-2014-Butterfly- Tous droits r\u00e9serv\u00e9s tous pays. Et Jean-Fran\u00e7ois G\u00e9rard, sur rue89strasbourg.com, 2 juin 2020 consult\u00e9 le 3 juin 2020. <img decoding=\"async\" src=\"http:\/\/penopolwy.tk\/wp-content\/uploads\/2017\/04\/guide-tourisme-saint-quay-portrieux-2017-2018-slide.jpg\" alt=\"rencontres nationales du transport public strasbourg\" align=\"right\"> Immobili\u00e8re de l ESPI ont planch\u00e9 cette ann\u00e9e Roger Lomini sur une parcelle du Port de Les 24\u00e8mes Rencontres Nationales du Transport Public se tiennent \u00e0 Bordeaux-France 3 Nouvelle-Aquitaine Cette journ\u00e9e d\u00e9tude, anim\u00e9e par Olivier Razemon journaliste au Monde, avait pour objectif de r\u00e9unir des \u00e9lus locaux et des experts nationaux et internationaux du transport urbain afin de souligner le r\u00f4le que peut jouer la.. Cibl\u00e9 : vous rencontrez les meilleurs experts et partenaires publics et priv\u00e9s correspondant \u00e0 vos besoins. 22 novembre : signature de la Charte de partenariat entre la CTS et ASTUS. <img decoding=\"async\" src=\"http:\/\/www.vowstockholm.ga\/wp-content\/uploads\/2018\/06\/classic-intellimouse-04.jpg\" alt=\"rencontres nationales du transport public strasbourg\" align=\"center\"> http:www.busetcar.comvolvo-lance-un-car-haut-de-gamme-compatible-avec-le-b100-sur-le-marche-francais  Les Rencontres Nationales du Transport Public se tiendront du 30 septembre au 2 octobre 2015 \u00e0 Lyon France. \u00c9v\u00e9nement mobilit\u00e9 de lann\u00e9e 2015, les Rencontres nationales du transport public rassembleront tous les acteurs de la..<\/p>\n","protected":false},"excerpt":{"rendered":"<p>rencontres nationales du transport public strasbourg<\/p>\n","protected":false},"author":1,"featured_media":0,"comment_status":"closed","ping_status":"closed","sticky":false,"template":"","format":"standard","meta":{"footnotes":""},"categories":[1],"tags":[],"class_list":["post-12576","post","type-post","status-publish","format-standard","hentry","category-uncategorized"],"_links":{"self":[{"href":"http:\/\/latinexport.us\/blogg\/wp-json\/wp\/v2\/posts\/12576","targetHints":{"allow":["GET"]}}],"collection":[{"href":"http:\/\/latinexport.us\/blogg\/wp-json\/wp\/v2\/posts"}],"about":[{"href":"http:\/\/latinexport.us\/blogg\/wp-json\/wp\/v2\/types\/post"}],"author":[{"embeddable":true,"href":"http:\/\/latinexport.us\/blogg\/wp-json\/wp\/v2\/users\/1"}],"replies":[{"embeddable":true,"href":"http:\/\/latinexport.us\/blogg\/wp-json\/wp\/v2\/comments?post=12576"}],"version-history":[{"count":1,"href":"http:\/\/latinexport.us\/blogg\/wp-json\/wp\/v2\/posts\/12576\/revisions"}],"predecessor-version":[{"id":12577,"href":"http:\/\/latinexport.us\/blogg\/wp-json\/wp\/v2\/posts\/12576\/revisions\/12577"}],"wp:attachment":[{"href":"http:\/\/latinexport.us\/blogg\/wp-json\/wp\/v2\/media?parent=12576"}],"wp:term":[{"taxonomy":"category","embeddable":true,"href":"http:\/\/latinexport.us\/blogg\/wp-json\/wp\/v2\/categories?post=12576"},{"taxonomy":"post_tag","embeddable":true,"href":"http:\/\/latinexport.us\/blogg\/wp-json\/wp\/v2\/tags?post=12576"}],"curies":[{"name":"wp","href":"https:\/\/api.w.org\/{rel}","templated":true}]}}