{"id":12626,"date":"2020-10-16T20:51:29","date_gmt":"2020-10-16T20:51:29","guid":{"rendered":"http:\/\/latinexport.us\/blogg\/?p=12626"},"modified":"2020-10-04T08:04:21","modified_gmt":"2020-10-04T08:04:21","slug":"lieu-de-rencontre-entre-deux-eaux","status":"publish","type":"post","link":"http:\/\/latinexport.us\/blogg\/2020\/10\/16\/lieu-de-rencontre-entre-deux-eaux\/","title":{"rendered":"Lieu De Rencontre Entre Deux Eaux"},"content":{"rendered":"<p>Abonnez-vous pour \u00eatre averti des nouveaux articles publi\u00e9s. -au sein m\u00eame de l\u00e9tablissement scolaire sil requi\u00e8re les contraintes techniques minimales despace plateau, de lumi\u00e8re et de son d\u00e9crites ci-dessous dans le paragraphe Modalit\u00e9s techniques minimales.  Vous aussi vous devez vous laver les pieds les uns aux autres. Cest un exemple que je vous ai donn\u00e9 afin que vous fassiez vous aussi comme jai fait pour vous. Le R\u00e9s-EAUx lance ses Ap\u00e9r-EAUx de lOuest! La premi\u00e8re rencontre aura lieu le mardi 24 avril 2018 \u00e0 19h au bar le Panama \u00e0 Rennes Quartier Sainte Th\u00e9r\u00e8se. Docteure en g\u00e9ographie rattach\u00e9e \u00e0 luniversit\u00e9 de Rennes II, Caroline LE Source: Minist\u00e8re de la Culturehttp:journeesdupatrimoine.fr Gratuit Ren\u00e9 Fonck, le fameux As des As, aviateur surdou\u00e9 de la Premi\u00e8re Guerre mondiale, \u00e9tait vosgien tout comme Hubert Curien, le papa dAriane, plus pr\u00e9cis\u00e9ment de la fus\u00e9e Ariane, fer de lance de lEurope spatiale. Pendant les guerres du XXe si\u00e8cle, les Vosges ont \u00e9t\u00e9 un gigantesque terrain dessai pour les forces a\u00e9riennes ; toutes les inventions et autres prototypes volants ont arpent\u00e9 son vaste ciel. Encore aujourdhui, de nombreux Vosgiens fr\u00e9quentent les terrains daviation et entretiennent la flamme! <img decoding=\"async\" src=\"http:\/\/www.mabretagneparici.bzh\/wp-content\/uploads\/2016\/05\/2-3-e1464087185129.png\" alt=\"lieu de rencontre entre deux eaux\" align=\"center\"> <img decoding=\"async\" src=\"http:\/\/www.gard.fr\/fileadmin\/_processed_\/csm_slidedemandesubvention2019_83252decbb.jpg\" alt=\"lieu de rencontre entre deux eaux\" align=\"left\">  la Lys, apr\u00e8s le chemin de fer. Les machines productrices d\u00e9lectricit\u00e9 <img decoding=\"async\" src=\"http:\/\/koestlach.fr\/i\/2972\/160801-l-alsace.jpg\" alt=\"lieu de rencontre entre deux eaux\" align=\"right\"> En rez-de-jardin, un grand espace qui servait jadis de fumoir et de fournil a \u00e9t\u00e9 transform\u00e9 en g\u00eete pour 2 \u00e0 3 personnes, entr\u00e9e ind\u00e9pendante, 1 chambre, cuisine-salon, salle deau. THA\u00cfLANDE-\u00c9L\u00c9PHANTS: Khao Yai, nouveau royaume des pachydermes libres-Gavroche Crise municipale \u00e0 Hazebrouck : dix \u00e9lus nagent entre deux eaux et se mouillent Le masque restera obligatoire sous peine damende en Espagne une fois le d\u00e9confinement achev\u00e9 Pour un compl\u00e9ment dinformation, vous pouvez contacter directement ce lieu Mus\u00e9e du Bailliage par t\u00e9l\u00e9phone au : 03 89 49 78 22 Appartement de 3 pi\u00e8ces dans une ferme r\u00e9nov\u00e9e avec son parc verdoyant et fleuri dun hectare pour 2 \u00e0 6 personnes. Source: Minist\u00e8re de la Culturehttp:journeesdupatrimoine.fr gratuit Gratuit Le Valtin-La Scierie du Lan\u00e7oir Acc\u00e8s : Acc\u00e8s par Wintzenheim ou Husseren-les-Ch\u00e2teaux. Partiellement accessible aux personnes \u00e0 mobilit\u00e9 r\u00e9duite, remparts inaccessible aux PMR.<\/p>\n","protected":false},"excerpt":{"rendered":"<p>lieu de rencontre entre deux eaux<\/p>\n","protected":false},"author":1,"featured_media":0,"comment_status":"closed","ping_status":"closed","sticky":false,"template":"","format":"standard","meta":{"footnotes":""},"categories":[1],"tags":[],"class_list":["post-12626","post","type-post","status-publish","format-standard","hentry","category-uncategorized"],"_links":{"self":[{"href":"http:\/\/latinexport.us\/blogg\/wp-json\/wp\/v2\/posts\/12626","targetHints":{"allow":["GET"]}}],"collection":[{"href":"http:\/\/latinexport.us\/blogg\/wp-json\/wp\/v2\/posts"}],"about":[{"href":"http:\/\/latinexport.us\/blogg\/wp-json\/wp\/v2\/types\/post"}],"author":[{"embeddable":true,"href":"http:\/\/latinexport.us\/blogg\/wp-json\/wp\/v2\/users\/1"}],"replies":[{"embeddable":true,"href":"http:\/\/latinexport.us\/blogg\/wp-json\/wp\/v2\/comments?post=12626"}],"version-history":[{"count":1,"href":"http:\/\/latinexport.us\/blogg\/wp-json\/wp\/v2\/posts\/12626\/revisions"}],"predecessor-version":[{"id":12627,"href":"http:\/\/latinexport.us\/blogg\/wp-json\/wp\/v2\/posts\/12626\/revisions\/12627"}],"wp:attachment":[{"href":"http:\/\/latinexport.us\/blogg\/wp-json\/wp\/v2\/media?parent=12626"}],"wp:term":[{"taxonomy":"category","embeddable":true,"href":"http:\/\/latinexport.us\/blogg\/wp-json\/wp\/v2\/categories?post=12626"},{"taxonomy":"post_tag","embeddable":true,"href":"http:\/\/latinexport.us\/blogg\/wp-json\/wp\/v2\/tags?post=12626"}],"curies":[{"name":"wp","href":"https:\/\/api.w.org\/{rel}","templated":true}]}}