{"id":12866,"date":"2020-10-16T21:14:09","date_gmt":"2020-10-16T21:14:09","guid":{"rendered":"http:\/\/latinexport.us\/blogg\/?p=12866"},"modified":"2020-10-04T14:43:12","modified_gmt":"2020-10-04T14:43:12","slug":"rencontre-francophone-hongrie","status":"publish","type":"post","link":"http:\/\/latinexport.us\/blogg\/2020\/10\/16\/rencontre-francophone-hongrie\/","title":{"rendered":"Rencontre Francophone Hongrie"},"content":{"rendered":"<p>Mon histoire commence en 2006 quand je me suis inscrite \u00e0 lUniversit\u00e9 P\u00e9dagogique dEtat, Facult\u00e9 de Philologie, sp\u00e9cialit\u00e9 RoumainFran\u00e7ais. Pourquoi le fran\u00e7ais? Parce que cest la langue de Moli\u00e8re, la langue de la politesse, et de toute fa\u00e7on, savoir parler une langue \u00e9trang\u00e8re est aujourdhui une condition sine qua non pour tout nouvel arrivant sur le march\u00e9 du travail. Le d\u00e9confinement en Europe sorganise avec notamment louverture prochaine des fronti\u00e8res int\u00e9rieures et ext\u00e9rieures. Dans les autres pays du monde, les fronti\u00e8res restent, pour la plupart, ferm\u00e9es. Si vous refusez lenregistrement de cookies dans votre terminal, ou si vous supprimez ceux qui y sont enregistr\u00e9s, vous ne pourrez plus b\u00e9n\u00e9ficier dun certain nombre de fonctionnalit\u00e9s qui sont n\u00e9anmoins n\u00e9cessaires pour naviguer dans certains espaces du site. Pour mieux faire conna\u00eetre lart lyrique sous divers \u00e9clairages : concerts, conf\u00e9rences, master class, etc. Dans le cadre de la rentr\u00e9e solennelle de lUniversit\u00e9 fran\u00e7aise de Szeged, lInstitut des Etudes Internationales et R\u00e9gionales IEIR et le D\u00e9partement de Fran\u00e7ais de lUniversit\u00e9 de Szeged organisent un colloque ayant pour th\u00e8me les Dialogues francophones en Europe. Ces deux jours de rencontre \u00e0 lattention des \u00e9tudiants en master et des doctorants ont lieu les 19 et 20 septembre 2013. <img decoding=\"async\" src=\"http:\/\/www.blogcneap.fr\/internationnal-rocfleuri\/wp-content\/themes\/hueman\/assets\/front\/img\/header\/bridge-280.jpg\" alt=\"rencontre francophone hongrie\" align=\"left\">  Nous connaitre LAPF, ses dirigeants, ses membres et ses partenaires 6 ao\u00fbt 2013. Apr\u00e8s 167 jours daudience et deux ans et demi de  Pour la seconde ann\u00e9e cons\u00e9cutive, le s\u00e9minaire, organis\u00e9 conjointement par les laboratoires Passages XX-XXI Universit\u00e9 Lyon 2 Lumi\u00e8re et Marge Universit\u00e9 Lyon 3 Jean Moulin, est ouvert \u00e0 tous ceux que les litt\u00e9ratures francophones int\u00e9ressent. Particuli\u00e8rement prolifique en ce d\u00e9but XX. Tellement quelle est le <img decoding=\"async\" src=\"http:\/\/www.budapestvoyage.fr\/images\/Un-amour-de-Hongrie01.jpg\" alt=\"rencontre francophone hongrie\" align=\"center\"> Sinscrivant dans un contexte tr\u00e8s particulier qui a vu des mutations importantes de la coop\u00e9ration d\u00e9centralis\u00e9e li\u00e9es \u00e0 de profondes r\u00e9formes des collectivit\u00e9s territoriales, ces Rencontres se sont d\u00e9roul\u00e9es autour de 4 tables rondes th\u00e9matiques : A\u0300 lAssociation Hongroise des Professeurs de Franc\u0327ais pour son formidable accueil  Budapest, la reine du Danube, riche dun pass\u00e9 mill\u00e9naire est un haut lieu de la culture et de la nature. Les centres dint\u00e9r\u00eat sont aussi nombreux que diversifi\u00e9s : la Place des H\u00e9ros et le Statue Park,.. Une immersion gla\u00e7ante au coeur du proc\u00e8s de quatre n\u00e9onazis accus\u00e9s Cest \u00e0 Timi\u0219oara, le 16 d\u00e9cembre 1989, que la r\u00e9volution a commenc\u00e9, avant de s\u00e9tendre jusqu\u00e0 Bucarest. Trente ans plus tard, les acteurs et les <img decoding=\"async\" src=\"http:\/\/reseauinternational.net\/wp-content\/uploads\/2015\/06\/carte-indiquant-les-pays-membres-de-l-otan-et-ses_910601-550x400_c.jpg\" alt=\"rencontre francophone hongrie\" align=\"right\"> Poser une question \u00e0 reda a \u00e0 propos de Terraza de AlCasaBar.<\/p>\n","protected":false},"excerpt":{"rendered":"<p>rencontre francophone hongrie<\/p>\n","protected":false},"author":1,"featured_media":0,"comment_status":"closed","ping_status":"closed","sticky":false,"template":"","format":"standard","meta":{"footnotes":""},"categories":[1],"tags":[],"class_list":["post-12866","post","type-post","status-publish","format-standard","hentry","category-uncategorized"],"_links":{"self":[{"href":"http:\/\/latinexport.us\/blogg\/wp-json\/wp\/v2\/posts\/12866","targetHints":{"allow":["GET"]}}],"collection":[{"href":"http:\/\/latinexport.us\/blogg\/wp-json\/wp\/v2\/posts"}],"about":[{"href":"http:\/\/latinexport.us\/blogg\/wp-json\/wp\/v2\/types\/post"}],"author":[{"embeddable":true,"href":"http:\/\/latinexport.us\/blogg\/wp-json\/wp\/v2\/users\/1"}],"replies":[{"embeddable":true,"href":"http:\/\/latinexport.us\/blogg\/wp-json\/wp\/v2\/comments?post=12866"}],"version-history":[{"count":1,"href":"http:\/\/latinexport.us\/blogg\/wp-json\/wp\/v2\/posts\/12866\/revisions"}],"predecessor-version":[{"id":12867,"href":"http:\/\/latinexport.us\/blogg\/wp-json\/wp\/v2\/posts\/12866\/revisions\/12867"}],"wp:attachment":[{"href":"http:\/\/latinexport.us\/blogg\/wp-json\/wp\/v2\/media?parent=12866"}],"wp:term":[{"taxonomy":"category","embeddable":true,"href":"http:\/\/latinexport.us\/blogg\/wp-json\/wp\/v2\/categories?post=12866"},{"taxonomy":"post_tag","embeddable":true,"href":"http:\/\/latinexport.us\/blogg\/wp-json\/wp\/v2\/tags?post=12866"}],"curies":[{"name":"wp","href":"https:\/\/api.w.org\/{rel}","templated":true}]}}