{"id":13010,"date":"2020-10-16T23:06:01","date_gmt":"2020-10-16T23:06:01","guid":{"rendered":"http:\/\/latinexport.us\/blogg\/?p=13010"},"modified":"2020-10-04T19:24:59","modified_gmt":"2020-10-04T19:24:59","slug":"camping-rencontres-et-racines","status":"publish","type":"post","link":"http:\/\/latinexport.us\/blogg\/2020\/10\/16\/camping-rencontres-et-racines\/","title":{"rendered":"Camping Rencontres Et Racines"},"content":{"rendered":"<p>Tr\u00e8s bon camping, un accueil chaleureux et franc, le personnel tr\u00e8s gentil et professionnel de m\u00eame que les g\u00e9rants. Acclam\u00e9e en France et dans le monde, elle est devenue lambassadrice supr\u00eame de cette musique anciennement r\u00e9serv\u00e9e aux hommes, qui rythme la vie de Trinidad et Tobago. Port\u00e9e aux nues lann\u00e9e derni\u00e8re aux Victoires de la Musique, elle vient de recevoir le Grand Prix des Musiques du Monde de la Sacem. En poursuivant votre navigation sur ce site, vous acceptez lutilisation de Cookies \u00e0 des fins de statistiques anonymes. Participez d\u00e8s maintenant au Guide des Festivals en soumettant \u00e0 notre r\u00e9daction un article. Pour cela envoyez linfo \u00e0 contactleguidedesfestivals.com Du m\u00eame avis que Claude, cela fait 3 ans que je viens au camping pour sortir de ma routine parisienne et cest vraiment le pied. \u00c0 la fois pr\u00e8s de tout et loin des foules. Le personnel est tr\u00e8s sympathique et toujours pr\u00eat \u00e0 rendre service. Jaime beaucoup la plage de Canet la plus proche. <img decoding=\"async\" src=\"http:\/\/ekladata.com\/lcta1BMph03O2ZPDcjQiLpGU8zE@500x334.jpg\" alt=\"camping rencontres et racines\" align=\"left\"> \u03c0\u03bf\u03c4\u03b5 \u03b4\u03b5\u03bd \u03c3\u03b5 \u03be\u03b5\u03c7\u03bd\u03c9 \u03c4\u03c1\u03b1\u03b3\u03bf\u03c5\u03b4\u03b9 \u0397 \u03b4\u03c1\u03ac\u03c3\u03b7 Visions-V_ideas, Performances \u03b3\u03b9\u03bf\u03c1\u03c4\u03ac\u03b6\u03b5\u03b9 5 \u03c7\u03c1\u03cc\u03bd\u03b9\u03b1 \u03b1\u03c0\u03cc \u03c4\u03b7\u03bd \u03b1\u03bd\u03ac\u03b4\u03c5\u03c3\u03b7 \u03c4\u03b7\u03c2 \u03c3\u03c4\u03bf \u03c0\u03bb\u03b1\u03af\u03c3\u03b9\u03bf \u03c4\u03bf\u03c5 BETON7. \u03a4\u03bf\u03bd \u0391\u03c0\u03c1\u03af\u03bb\u03b9\u03bf \u03c4\u03bf\u03c5 2014 \u03b4\u03b7\u03bb\u03c9\u03bd\u03cc\u03c4\u03b1\u03bd.. Prix camping et parking inclus : 5jour Adultes, 3jour 6-18 ans, gratuit pour les moins de 6 ans.  <img decoding=\"async\" src=\"http:\/\/ekladata.com\/hxzuIqBySIIOFHCXJS_iHd4KVQY.jpg\" alt=\"camping rencontres et racines\" align=\"center\"> Det ser ikke ut til at noe ble funnet p\u00e5 denne adressen. Kanskje du kan pr\u00f8ve et s\u00f8k? S\u00f8k etter: <img decoding=\"async\" src=\"http:\/\/campdevacances.com\/wp-content\/uploads\/2015\/02\/petitprince.jpg\" alt=\"camping rencontres et racines\" align=\"right\"> Comparez les offres de campings pr\u00e8s de Festival Rencontres et Racines en un clic. Du 30 juin au 2 juillet, le festival Rencontres et Racines revient \u00e0 Audincourt pour 3 journ\u00e9es de concert \u00e0 la Filature.  Togoville en revanche est un peu glauque. Ici, la vie et la mort se rejoignent pour former un tout, dans le plus pur esprit vaudou. Rencontres et Racines Espace r\u00e9serv\u00e9 aux personnes handicap\u00e9es en fauteuil Sc\u00e8ne A et B  Non, je ne veux pas partir en vacances cette ann\u00e9e. Partez avec St\u00e9phane Rotenberg \u00e0 la d\u00e9couverte des plus belles routes de France.. Phase 2 : recueil de r\u00e9cits manquants et de chants, e\u0301criture dramaturgique, cr\u00e9ation de ch\u0153urs, tissage de lOp\u00e9ra et ouverture du bureau international des r\u00e9cits manquants, activation de mini op\u00e9ras in situ Septembre 2020Juin 2021.<\/p>\n","protected":false},"excerpt":{"rendered":"<p>camping rencontres et racines<\/p>\n","protected":false},"author":1,"featured_media":0,"comment_status":"closed","ping_status":"closed","sticky":false,"template":"","format":"standard","meta":{"footnotes":""},"categories":[1],"tags":[],"class_list":["post-13010","post","type-post","status-publish","format-standard","hentry","category-uncategorized"],"_links":{"self":[{"href":"http:\/\/latinexport.us\/blogg\/wp-json\/wp\/v2\/posts\/13010","targetHints":{"allow":["GET"]}}],"collection":[{"href":"http:\/\/latinexport.us\/blogg\/wp-json\/wp\/v2\/posts"}],"about":[{"href":"http:\/\/latinexport.us\/blogg\/wp-json\/wp\/v2\/types\/post"}],"author":[{"embeddable":true,"href":"http:\/\/latinexport.us\/blogg\/wp-json\/wp\/v2\/users\/1"}],"replies":[{"embeddable":true,"href":"http:\/\/latinexport.us\/blogg\/wp-json\/wp\/v2\/comments?post=13010"}],"version-history":[{"count":1,"href":"http:\/\/latinexport.us\/blogg\/wp-json\/wp\/v2\/posts\/13010\/revisions"}],"predecessor-version":[{"id":13011,"href":"http:\/\/latinexport.us\/blogg\/wp-json\/wp\/v2\/posts\/13010\/revisions\/13011"}],"wp:attachment":[{"href":"http:\/\/latinexport.us\/blogg\/wp-json\/wp\/v2\/media?parent=13010"}],"wp:term":[{"taxonomy":"category","embeddable":true,"href":"http:\/\/latinexport.us\/blogg\/wp-json\/wp\/v2\/categories?post=13010"},{"taxonomy":"post_tag","embeddable":true,"href":"http:\/\/latinexport.us\/blogg\/wp-json\/wp\/v2\/tags?post=13010"}],"curies":[{"name":"wp","href":"https:\/\/api.w.org\/{rel}","templated":true}]}}