{"id":13392,"date":"2020-10-17T08:54:17","date_gmt":"2020-10-17T08:54:17","guid":{"rendered":"http:\/\/latinexport.us\/blogg\/?p=13392"},"modified":"2020-10-05T07:30:23","modified_gmt":"2020-10-05T07:30:23","slug":"lieux-de-rencontre-morlaix","status":"publish","type":"post","link":"http:\/\/latinexport.us\/blogg\/2020\/10\/17\/lieux-de-rencontre-morlaix\/","title":{"rendered":"Lieux De Rencontre Morlaix"},"content":{"rendered":"<p>Morlaix : Recherche hommes, femmes et enfants de 0 \u00e0 85 ans pour le tournage dun court m\u00e9trage \u00e0 Morlaix <img decoding=\"async\" src=\"http:\/\/www.maisondelapoesie-rennes.org\/docs\/files\/publics%20scolaires\/Autour%20de%20Morlaix_Moment.jpg\" alt=\"lieux de rencontre morlaix\" align=\"right\"> Faire de la ville un endroit agr\u00e9able pour les pi\u00e9tons est une des solutions pour revitaliser notre centre-ville et les commerces qui vont avec. D\u00e9couvrent le groupe de la Trinit\u00e9, tel quil \u00e9tait, usit\u00e9 aux XIII\u00e8me et XIV\u00e8me , Fils de ploucs, tome 2, 2007, \u00e9ditions Ouest-France,.  Cette kermesse est avant tout une f\u00eate que les parents organisent pour les enfants et les jeunes accueillis dans les \u00e9tablissements de Morlaix, Landivisiau et Saint-Pol-de-L\u00e9on. Les b\u00e9n\u00e9fices serviront \u00e0 financer des projets qui agr\u00e9mentent leur quotidien. La kermesse est aussi un lieu de rendez-vous interg\u00e9n\u00e9rationnel, mais surtout un jour de f\u00eate. Petit \u00e9lectrom\u00e9nager cafeti\u00e8re, mixer, grille-pain, bouilloire Groupe de travail Milieux terrestres r\u00e9union du 24 mars 2015 <img decoding=\"async\" src=\"http:\/\/img.over-blog-kiwi.com\/1\/48\/90\/59\/20180520\/ob_96e3b1_ismael-dupont-marche-de-morlaix-2017.jpg\" alt=\"lieux de rencontre morlaix\" align=\"right\"> de deux trav\u00e9es avec bas-c\u00f4t\u00e9s. Deux chapelles en ailes, peu Cherchefillepourtrio, un couple de 35 et 24 ans,,, lit linscription rapportant la reconstruction de l\u00e9glise en 1489. A <img decoding=\"async\" src=\"http:\/\/www.batteklles.tk\/var\/ena\/storage\/images\/_aliases\/ena_video_block_landscape\/media\/videotheque\/ena-chiffres-cles-de-la-formation-continue\/1143847-1-fre-FR\/ENA-chiffres-cles-de-la-formation-continue.png\" alt=\"lieux de rencontre morlaix\" align=\"center\"> ASCGO Universc\u00e8ne. Une com\u00e9die pour d\u00e9marrer lann\u00e9e Le centre hospitalier de Lanmeur a besoin de mat\u00e9riels pour travailler sereinement et efficacement en cette p\u00e9riode de pand\u00e9mie&#8230;, dessinateur fran\u00e7ais, cr\u00e9ateur de la Bigoud\u00e8ne de la marque. Louis Chauris, Provenance des pierres de construction dun couvent au XVII e si\u00e8cle : Les Ursulines de Morlaix en Bretagne, Bulletin du Mus\u00e9e de la pierre Maffle, Belgique, n o 11, 1996, p 45-72.  Con\u00e7ue comme une v\u00e9ritable fabrique de th\u00e9\u00e2tre, la maison du th\u00e9\u00e2tre soutient la jeune cr\u00e9ation et le d\u00e9veloppement des pratiques th\u00e9\u00e2trales. Par ailleurs, Chaque ann\u00e9e sont propos\u00e9s des ateliers et des stages. De plus, la structure comprend diff\u00e9rents espaces pour sadapter \u00e0 la diversit\u00e9 des pratiques : le Stella, une salle de 300 places, le Studio, un espace de cr\u00e9ation de 12 m x 15 m, dune capacit\u00e9 de 120 places en gradins d\u00e9montables, les Ateliers, deux espaces de travail contigus, de 68 m et 50 m, ind\u00e9pendants.<\/p>\n","protected":false},"excerpt":{"rendered":"<p>lieux de rencontre morlaix<\/p>\n","protected":false},"author":1,"featured_media":0,"comment_status":"closed","ping_status":"closed","sticky":false,"template":"","format":"standard","meta":{"footnotes":""},"categories":[1],"tags":[],"class_list":["post-13392","post","type-post","status-publish","format-standard","hentry","category-uncategorized"],"_links":{"self":[{"href":"http:\/\/latinexport.us\/blogg\/wp-json\/wp\/v2\/posts\/13392","targetHints":{"allow":["GET"]}}],"collection":[{"href":"http:\/\/latinexport.us\/blogg\/wp-json\/wp\/v2\/posts"}],"about":[{"href":"http:\/\/latinexport.us\/blogg\/wp-json\/wp\/v2\/types\/post"}],"author":[{"embeddable":true,"href":"http:\/\/latinexport.us\/blogg\/wp-json\/wp\/v2\/users\/1"}],"replies":[{"embeddable":true,"href":"http:\/\/latinexport.us\/blogg\/wp-json\/wp\/v2\/comments?post=13392"}],"version-history":[{"count":1,"href":"http:\/\/latinexport.us\/blogg\/wp-json\/wp\/v2\/posts\/13392\/revisions"}],"predecessor-version":[{"id":13393,"href":"http:\/\/latinexport.us\/blogg\/wp-json\/wp\/v2\/posts\/13392\/revisions\/13393"}],"wp:attachment":[{"href":"http:\/\/latinexport.us\/blogg\/wp-json\/wp\/v2\/media?parent=13392"}],"wp:term":[{"taxonomy":"category","embeddable":true,"href":"http:\/\/latinexport.us\/blogg\/wp-json\/wp\/v2\/categories?post=13392"},{"taxonomy":"post_tag","embeddable":true,"href":"http:\/\/latinexport.us\/blogg\/wp-json\/wp\/v2\/tags?post=13392"}],"curies":[{"name":"wp","href":"https:\/\/api.w.org\/{rel}","templated":true}]}}