{"id":13474,"date":"2020-10-17T10:53:52","date_gmt":"2020-10-17T10:53:52","guid":{"rendered":"http:\/\/latinexport.us\/blogg\/?p=13474"},"modified":"2020-10-05T09:55:18","modified_gmt":"2020-10-05T09:55:18","slug":"rencontre-entre-francois-hollande-et-angela-merkel","status":"publish","type":"post","link":"http:\/\/latinexport.us\/blogg\/2020\/10\/17\/rencontre-entre-francois-hollande-et-angela-merkel\/","title":{"rendered":"Rencontre Entre Francois Hollande Et Angela Merkel"},"content":{"rendered":"<p>Martinique : France Antilles en redressement judiciaire Chute de la maison Hersant : et maintenant les Antilles! La chute de la maison Hersant se poursuit en outre-mer, au c\u0153ur de ce qui fut la naissance du groupe France Antilles devenu ensuite.. Recevez du lundi au vendredi \u00e0 12h une s\u00e9lection toute fra\u00eeche \u00e0 lire ou \u00e0 \u00e9couter. Entre temps, le ministre des Affaires \u00e9trang\u00e8res, Sigmar Gabriel, a fait une d\u00e9claration qui a \u00e9t\u00e9 li\u00e9e en Allemagne avec la campagne \u00e9lectorale actuelle. Le ministre a d\u00e9fendu la n\u00e9cessit\u00e9 pour Berlin de soutenir Emmanuel Macron, den finir avec la rigueur de laust\u00e9rit\u00e9 et de lorthodoxie budg\u00e9taire, et de cesser de montrer du doigt pour mettre en place une strat\u00e9gie dinvestissement franco-allemande. <img decoding=\"async\" src=\"http:\/\/backbee-planet-com-prod.s3-accelerate.amazonaws.com\/bp469051\/merkel_hollande_2012_5_161.jpg\" alt=\"rencontre entre francois hollande et angela merkel\" align=\"right\"> Par exemple, dans le r\u00e9seau social ResearchGate, la communaut\u00e9 de scientifiques sest cr\u00e9\u00e9e le 17 mars dernier et rassemblait 28 jours plus tard plus de 10 700 membres, publiant plus de 40 papiers par jours en moyenne. Kocila Makdeche,,, 21 juin 2017 consult\u00e9 le 16 avril 2020. Corinne Lepage se souvient dune ministre tr\u00e8s d\u00e9termin\u00e9e, intelligente et pragmatique. Compr\u00e9hensive aussi. Lorsque Corinne Lepage prend la t\u00eate du minist\u00e8re de lEnvironnement, Jacques Chirac d\u00e9cide de relancer les essais nucl\u00e9aires dans le Pacifique. Une d\u00e9cision difficilement soutenable, juge aujourdhui lancienne ministre. Mais Angela Merkel et le secr\u00e9taire d\u00e9tat \u00e0 lenvironnement britannique, Michael Howard, ont tout fait pour ne pas menfoncer dans une situation qui \u00e9tait tr\u00e8s difficile pour moi, se souvient-elle. Je leur en suis tr\u00e8s reconnaissant \u00e0 tous les deux.  <img decoding=\"async\" src=\"http:\/\/lequotidien-lu.ispfr.net\/\/wp-content\/uploads\/2015\/02\/1086918_ukraine-hollande-doit-parler-a-poutine-et-merkel-ce-lundi-web-tete-0204108212398.jpg\" alt=\"rencontre entre francois hollande et angela merkel\" align=\"left\"> Examinons dabord la question de la responsabilit\u00e9 civile. Sur le plan \u00e9conomique, les r\u00e8gles de responsabilit\u00e9 civile sont destin\u00e9es \u00e0 encourager le d\u00e9ploiement de nouvelles technologies, tout en sassurant que ces technologies sentourent de mesures de s\u00e9curit\u00e9 ad\u00e9quates. Si les r\u00e8gles de responsabilit\u00e9 sont trop strictes, certaines technologies utiles pour la soci\u00e9t\u00e9 ne seront pas d\u00e9ploy\u00e9es. Si les r\u00e8gles de responsabilit\u00e9 sont trop laxistes, la technologie cr\u00e9era des dommages pour la population d\u00e9passant largement les b\u00e9n\u00e9fices de la technologie. Il faut chercher le bon \u00e9quilibre. Pour illustrer, il suffit de penser \u00e0 la voiture : une technologie utile mais relativement dangereuse car responsable de milliers de morts et de bless\u00e9s par an. Si nous exigions un niveau de s\u00e9curit\u00e9 absolu, la vitesse de chaque voiture serait brid\u00e9e \u00e0 30 km par heure, et la voiture serait construite comme un char dassaut. Mais cela r\u00e9duirait son utilit\u00e9 et augmenterait sensiblement son prix! Comme pour la voiture, le d\u00e9fi pour lIA est de trouver le bon \u00e9quilibre entre mesures de s\u00e9curit\u00e9, prix et utilit\u00e9. Lentreprise qui d\u00e9ploie un syst\u00e8me dIA par exemple, un constructeur automobile ou une banque sera incit\u00e9e par les r\u00e8gles de responsabilit\u00e9 civile \u00e0 sassurer de la s\u00e9curit\u00e9 du syst\u00e8me. Lune des particularit\u00e9s des syst\u00e8mes dapprentissage machine est leur utilisation de donn\u00e9es dentra\u00eenement. Le concepteur du mod\u00e8le dapprentissage fournira un mod\u00e8le vierge. Ce mod\u00e8le apprendra ensuite en utilisant les donn\u00e9es de lentreprise A. Am\u00e9lior\u00e9 par les donn\u00e9es de lentreprise A, le mod\u00e8le se nourrira ensuite des donn\u00e9es de lentreprise B, et ainsi de suite. Lorsque le mod\u00e8le produit une erreur, lorigine de lanomalie sera difficile \u00e0 identifier. Sagit-il dun d\u00e9faut dans le mod\u00e8le dorigine, ou est-ce que lanomalie provient des donn\u00e9es dapprentissage de lentreprise A ou B? Il est donc important pour chaque entreprise qui d\u00e9ploie un syst\u00e8me dIA de pr\u00e9ciser par contrat comment ses donn\u00e9es seront utilis\u00e9es pour am\u00e9liorer le mod\u00e8le et pr\u00e9voir des r\u00e8gles de responsabilit\u00e9, de s\u00e9curit\u00e9 et de partage de valeur relatif au mod\u00e8le am\u00e9lior\u00e9. Le mod\u00e8le devient plus intelligent gr\u00e2ce aux donn\u00e9es dentra\u00eenement ; le propri\u00e9taire des donn\u00e9es dentra\u00eenement pourrait donc exiger une r\u00e9mun\u00e9ration. Les contrats devront \u00e9galement pr\u00e9voir des dispositions pour garantir que le mod\u00e8le am\u00e9lior\u00e9 ne peut pas indirectement r\u00e9v\u00e9ler des donn\u00e9es confidentielles de lentreprise, ou des donn\u00e9es \u00e0 caract\u00e8re personnel contenues dans les donn\u00e9es dentra\u00eenement. Entre les entreprises, la plupart des questions de responsabilit\u00e9 seront r\u00e9gul\u00e9es par contrat. Les d\u00e9cisions dun syst\u00e8me dapprentissage automatique sont souvent opaques on ne comprendra pas pourquoi un syst\u00e8me a d\u00e9cid\u00e9 A au lieu de B. Cela pose probl\u00e8me pour lapplication des r\u00e8gles de responsabilit\u00e9 civile et pour la r\u00e9gulation en g\u00e9n\u00e9ral les tribunaux, experts et r\u00e9gulateurs doivent pouvoir comprendre a posteriori pourquoi un syst\u00e8me a commis une erreur afin den tirer des le\u00e7ons et dallouer la responsabilit\u00e9 \u00e0 lacteur appropri\u00e9. De nombreux travaux sont actuellement consacr\u00e9s aux probl\u00e8mes de la transparence et de l auditabilit\u00e9 des algorithmes, \u00e0 l explicabilit\u00e9 et \u00e0 la responsabilisation accountability des d\u00e9cisions IA. Ces travaux ne font pas consensus. Sur le th\u00e8me de la transparence et de lauditabilit\u00e9 des algorithmes, deux camps saffrontent. Le premier d\u00e9fend lid\u00e9e quun algorithme propri\u00e9taire qui prend des d\u00e9cisions de nature \u00e0 causer des pr\u00e9judices devrait pourvoir \u00eatre rendu transparent et audit\u00e9 de mani\u00e8re \u00e0 d\u00e9couvrir lorigine des erreurs, Ce contenu a bien \u00e9t\u00e9 retir\u00e9 de vos favoris. Voir mes favoris Mardi 15 mai au soir, la chanceli\u00e8re allemande a fait un petit sourire \u00e0 Fran\u00e7ois Hollande devant le mur de photographes et de journalistes venus assister \u00e0 leur premi\u00e8re rencontre.  Cara\u00efbe Informations. Lactualit\u00e9 politique, \u00e9conomique, sociale et culturelle de la Cara\u00efbe Guadeloupe, Martinique, Ha\u00efti et de la Guyane fran\u00e7aise \u00e0 travers une s\u00e9lection de sites et les articles que vous avez envoy\u00e9s. Contactez-nous pour figurer dans cette rubrique et faire un \u00e9change de liens&#8230; Linstant est bref Furtif. Mais l\u00e9motion est palpable sur le parvis de l\u00c9lys\u00e9e. Fran\u00e7ois Hollande, digne en ce dimanche 11 janvier 2015 historique, accueille en chef d\u00e9tat d\u00e9termin\u00e9 \u00e0 combattre le terrorisme pour. Grande-Bretagne, Mariano Rajoy Espagne, Matteo Renzi Italie, tous sont unis par un m\u00eame \u00e9lan de solidarit\u00e9 face aux atrocit\u00e9s perp\u00e9tr\u00e9es en France. Un mouvement sans pr\u00e9c\u00e9dent, quAngela Merkel naurait rat\u00e9 pour rien au monde. Cloudflare Ray ID: 5a26465d7ceef3b7 Your IP: 189.15.90.154 Performance security by En mai 2020, luniversitaire Bruno Cautr\u00e8s, sur la base dun sondage BVA, identifie quatre groupes de Fran\u00e7ais dont les attitudes diff\u00e8rent \u00e0 l\u00e9gard dEmmanuel Macron :  Le dernier conseil des ministres franco-allemands en date sest d\u00e9roul\u00e9e \u00e0 Berlin en mars 2015. Il a permis la signature de diff\u00e9rents accords li\u00e9s \u00e0 la d\u00e9fense, au climat, \u00e0 l\u00e9conomie, la recherche, lenseignement sup\u00e9rieur, lemploi, la mobilit\u00e9 et la lute contre le terrorisme. Pour en voir le d\u00e9tail. Et, Visions Mag, 24 f\u00e9vrier 2014 consult\u00e9 le 30 ao\u00fbt 2014. Emmanuel Macron est pr\u00e9sent\u00e9 comme et,,. Il se r\u00e9clame de, et se prononce pour l CETA,,. Il est lun des rares candidats \u00e0 l\u00e9lection pr\u00e9sidentielle \u00e0 ne pas remettre en cause lengagement pris par la France de respecter le dun inf\u00e9rieur \u00e0 3 de son PIB. Il pr\u00f4ne la cr\u00e9ation dun poste de responsable de la, ainsi quun Parlement de la zone euro et un budget commun pour celle-ci,. A Berlin, c\u00e9r\u00e9monie des adieux avant larriv\u00e9e de Macron Cest lhistoire dun coup de foudre, d\u00e9but\u00e9 le 15 mai 2012, lorsque lavion de, qui souhaitait rencontrer le soir de son investiture,. Cinq ans plus tard et sur le point de quitter le pouvoir, il la retrouv\u00e9e lundi pour un d\u00eener dadieu dans la capitale allemande. La chanceli\u00e8re voulait saluer ce que nous avions fait ensemble, sur la Gr\u00e8ce, lUkraine ou le climat, autant d\u00e9v\u00e9nements qui nous avaient consid\u00e9rablement rapproch\u00e9s, a confi\u00e9 le pr\u00e9sident sortant dans le Falcon qui le ramenait \u00e0 Paris. Dans son \u00e9dition du 31 mai 2016, affirme quEmmanuel Macron sous-\u00e9value son patrimoine de 253 255 par rapport \u00e0 l\u00e9valuation faite par ladministration fiscale, qui v\u00e9rifie les d\u00e9clarations r\u00e9alis\u00e9es aupr\u00e8s de la HATVP. Cette sous-\u00e9valuation concerne la valeur de sa maison au Touquet, que lint\u00e9ress\u00e9 affirme avoir fait estimer en 2012 par un expert aupr\u00e8s de la Cour de cassation qui laurait \u00e9valu\u00e9 1 200 000, alors que ladministration fiscale consid\u00e8re quelle vaut 1 453 255. Cette r\u00e9\u00e9valuation par l fait passer le patrimoine des \u00e9poux Macron m\u00e9caniquement au-dessus du seuil dimposition \u00e0 l ISF, entra\u00eenant un retard dimp\u00f4t de 4 174 pour 2013 et de 2 264 pour 2014. <img decoding=\"async\" src=\"http:\/\/allemagne.blog.lemonde.fr\/files\/2014\/05\/4369549_6_a14c_angela-merkel-et-francois-hollande-a-l_9f3bcdb3ed04abf4e02f9b3d90b5cb86.jpg\" alt=\"rencontre entre francois hollande et angela merkel\" align=\"right\"> La directrice g\u00e9n\u00e9rale du Fonds mon\u00e9taire international FMI, Christine Lagarde organisera une visite \u00e0 Tunis le 7 septembre 2015, qui va lui permettre de faire le point sur la situation \u00e9conomique, politique et sociale du pays, notamment le d\u00e9blocage dune nouvelle tranche du pr\u00eat du FMI. Marie Visot, Michel Sapin-Emmanuel Macron : les meilleurs ennemis de Bercy, Le Figaro, 17 juin 2016, consult\u00e9 le 31 ao\u00fbt 2016.<\/p>\n","protected":false},"excerpt":{"rendered":"<p>rencontre entre francois hollande et angela merkel<\/p>\n","protected":false},"author":1,"featured_media":0,"comment_status":"closed","ping_status":"closed","sticky":false,"template":"","format":"standard","meta":{"footnotes":""},"categories":[1],"tags":[],"class_list":["post-13474","post","type-post","status-publish","format-standard","hentry","category-uncategorized"],"_links":{"self":[{"href":"http:\/\/latinexport.us\/blogg\/wp-json\/wp\/v2\/posts\/13474","targetHints":{"allow":["GET"]}}],"collection":[{"href":"http:\/\/latinexport.us\/blogg\/wp-json\/wp\/v2\/posts"}],"about":[{"href":"http:\/\/latinexport.us\/blogg\/wp-json\/wp\/v2\/types\/post"}],"author":[{"embeddable":true,"href":"http:\/\/latinexport.us\/blogg\/wp-json\/wp\/v2\/users\/1"}],"replies":[{"embeddable":true,"href":"http:\/\/latinexport.us\/blogg\/wp-json\/wp\/v2\/comments?post=13474"}],"version-history":[{"count":1,"href":"http:\/\/latinexport.us\/blogg\/wp-json\/wp\/v2\/posts\/13474\/revisions"}],"predecessor-version":[{"id":13475,"href":"http:\/\/latinexport.us\/blogg\/wp-json\/wp\/v2\/posts\/13474\/revisions\/13475"}],"wp:attachment":[{"href":"http:\/\/latinexport.us\/blogg\/wp-json\/wp\/v2\/media?parent=13474"}],"wp:term":[{"taxonomy":"category","embeddable":true,"href":"http:\/\/latinexport.us\/blogg\/wp-json\/wp\/v2\/categories?post=13474"},{"taxonomy":"post_tag","embeddable":true,"href":"http:\/\/latinexport.us\/blogg\/wp-json\/wp\/v2\/tags?post=13474"}],"curies":[{"name":"wp","href":"https:\/\/api.w.org\/{rel}","templated":true}]}}