{"id":13496,"date":"2020-10-17T14:22:39","date_gmt":"2020-10-17T14:22:39","guid":{"rendered":"http:\/\/latinexport.us\/blogg\/?p=13496"},"modified":"2020-10-05T11:04:59","modified_gmt":"2020-10-05T11:04:59","slug":"3emes-rencontres-nationales-culture-innovation-s","status":"publish","type":"post","link":"http:\/\/latinexport.us\/blogg\/2020\/10\/17\/3emes-rencontres-nationales-culture-innovation-s\/","title":{"rendered":"3\u00e8mes Rencontres Nationales Culture Innovation S"},"content":{"rendered":"<p>La Jet\u00e9e, Clermont-Ferrand Les P\u00f4les d\u00e9ducation aux images f\u00eatent leurs 20 ans et invitent \u00e0 cette occasion le r\u00e9seau Passeurs dimages \u00e0 partager des retours dexp\u00e9riences et \u00e0 dialoguer autour de la th\u00e9matique : La r\u00e9gion doit apporter des services aux entreprises, se comporter vis-\u00e0-vis delles comme une entreprise de B to C dont le client final serait lentreprise. De mani\u00e8re g\u00e9n\u00e9rale, Xavier Bertrand souhaite que le droit \u00e0 lexp\u00e9rimentation soit r\u00e9ellement mis en place. Cela peut \u00eatre un formidable levier de d\u00e9veloppement mais pour cela, il faut bien pr\u00e9ciser les mesures qui doivent \u00eatre prises pour limiter la responsabilit\u00e9 professionnelle et personnelle des pr\u00e9fets d\u00e9partementaux et r\u00e9gionaux sur ces questions. <img decoding=\"async\" src=\"http:\/\/www.biodiv.be\/cebios2\/images\/banner-2.jpg\" alt=\"3\u00e8mes rencontres nationales culture innovation s\" align=\"center\"> Des mesures \u00e9conomiques et sociales sans pr\u00e9c\u00e9dent ont \u00e9t\u00e9 et devront encore \u00eatre prises pour aider les m\u00e9nages et les entreprises \u00e0 r\u00e9sister \u00e0 cette crise dautant plus lourde quelle continue de faire peser de grandes incertitudes sur l\u00e9volution de l\u00e9conomie mondiale, la protection des populations, leurs ressources et moyens de subsistance. LUNGE a pr\u00e9sent\u00e9 le bilan de la premi\u00e8re \u00e9tape lors de ses Rencontres Nationales et a d\u00e9voil\u00e9 les grandes orientations de la seconde \u00e9tape. La 9\u00e8me \u00e9dition de PRODURABLE, le salon des acteurs et des solutions pour le D\u00e9veloppement Durable la RSE, aura lieu les 30 31 mars 2016 au Palais des Congr\u00e8s de Paris avec pour fil rouge RSE : Bienvenue dans le monde r\u00e9el! raqu JACQUINOD F, FOURNEL, N, 2008, Etudier les usages des repr\u00e9sentations 3D dans lam\u00e9nagement, Conf\u00e9rence au G\u00e9o-\u00e9v\u00e9nement 2008, 10 avril 2008 La force du lieu, la force du livre : pourquoi le livre physique et le commerce physique r\u00e9sistent-ils face au num\u00e9rique? pdf 8\u00e8mes Rendez-vous CARNOT 18 et 19 novembre, Paris  La communication. Lassociation g\u00e8re le site internet, qui r\u00e9f\u00e9rence toutes les visites dentreprise en France. Elle publie tous les 2 ans lobservatoire du Tourisme de savoir-faire. Lassociation soccupe des relations presse sur la fili\u00e8re.  Besson, R, 2019, La Smart City nexiste pas, Regard sur larchitecture 2. 29 Nov 2019 Journ\u00e9e d\u00e9tude : Produire le prol\u00e9tariat-IRISSO Pierre Goguet pr\u00e9sident de CCI-France a d\u00e9fendu que lid\u00e9e de lintelligence collective est toujours sup\u00e9rieure \u00e0 lintelligence individuelle. Il sappuie sur son exp\u00e9rience \u00e0 la t\u00eate de la CCI de Bordeaux Gironde pour d\u00e9plorer linsuffisance des collaborations au sein et entre les organisations et les territoires. Il souhaite rassembler les bonnes pratiques. Dans ce but, CCI-France vient dinaugurer CCI-store, une plateforme de solutions web pour les entrepreneurs. Ce nouvel outil rassemble toutes les applis num\u00e9riques consulaires ou non qui peuvent servir \u00e0 un chef dentreprise dans chacune des \u00e9tapes de son entreprise cr\u00e9ation, croissance, reprise. CCI France souhaite ainsi acc\u00e9l\u00e9rer la transition digitale des entreprises ce qui constitue lun des enjeux du d\u00e9veloppement \u00e9conomique des territoires.  <img decoding=\"async\" src=\"http:\/\/www.africanewsagency.fr\/fr\/wp-content\/uploads\/2016\/07\/mohamed-zahhar_portrait-500x300_c.jpg\" alt=\"3\u00e8mes rencontres nationales culture innovation s\" align=\"center\"> A Nice Palais des congr\u00e9s, les 23 et 24 mai 2013 \u00e0 partir de 8h. Th\u00e9\u00e2tre Paris-Villette, 211 avenue Jean Jaur\u00e8s, 75019 Paris. Ces rencontres veulent dynamiser la Plateforme num\u00e9rique Culture ; Arts Travail cr\u00e9\u00e9e, avec le soutien du Minist\u00e8re de la Culture par TEC-CRIAC qui les anime au quotidien depuis plus de trois ans maintenant. Elles se fixent lobjectif de valoriser partenariats et \u00e9changes entre les diff\u00e9rents acteurs du monde du travail, de la recherche et cette fois-ci avec ceux qui font le cin\u00e9ma ou permettent son approche critique. Une fa\u00e7on dapprendre \u00e0 confronter nos regards pour ouvrir des perspectives communes. LES RENCONTRES CULTURE ; ARTSTRAVAIL Retrouvez les vid\u00e9os de tous les intervenants de la Rencontre Nationale 2018 sur notre chaine VIMEO Retrouvez les vid\u00e9os de la remise des Prix Herm\u00e8s de la Rencontre Nationale 2018 sur notre cha\u00eene VIMEO Retrouvez les photos 2018 <img decoding=\"async\" src=\"http:\/\/octa-innovation.eu\/wp-content\/uploads\/2018\/06\/NL-17.2018-art-5-470x316.png\" alt=\"3\u00e8mes rencontres nationales culture innovation s\" align=\"right\">.<\/p>\n","protected":false},"excerpt":{"rendered":"<p>3\u00e8mes rencontres nationales culture innovation s<\/p>\n","protected":false},"author":1,"featured_media":0,"comment_status":"closed","ping_status":"closed","sticky":false,"template":"","format":"standard","meta":{"footnotes":""},"categories":[1],"tags":[],"class_list":["post-13496","post","type-post","status-publish","format-standard","hentry","category-uncategorized"],"_links":{"self":[{"href":"http:\/\/latinexport.us\/blogg\/wp-json\/wp\/v2\/posts\/13496","targetHints":{"allow":["GET"]}}],"collection":[{"href":"http:\/\/latinexport.us\/blogg\/wp-json\/wp\/v2\/posts"}],"about":[{"href":"http:\/\/latinexport.us\/blogg\/wp-json\/wp\/v2\/types\/post"}],"author":[{"embeddable":true,"href":"http:\/\/latinexport.us\/blogg\/wp-json\/wp\/v2\/users\/1"}],"replies":[{"embeddable":true,"href":"http:\/\/latinexport.us\/blogg\/wp-json\/wp\/v2\/comments?post=13496"}],"version-history":[{"count":1,"href":"http:\/\/latinexport.us\/blogg\/wp-json\/wp\/v2\/posts\/13496\/revisions"}],"predecessor-version":[{"id":13497,"href":"http:\/\/latinexport.us\/blogg\/wp-json\/wp\/v2\/posts\/13496\/revisions\/13497"}],"wp:attachment":[{"href":"http:\/\/latinexport.us\/blogg\/wp-json\/wp\/v2\/media?parent=13496"}],"wp:term":[{"taxonomy":"category","embeddable":true,"href":"http:\/\/latinexport.us\/blogg\/wp-json\/wp\/v2\/categories?post=13496"},{"taxonomy":"post_tag","embeddable":true,"href":"http:\/\/latinexport.us\/blogg\/wp-json\/wp\/v2\/tags?post=13496"}],"curies":[{"name":"wp","href":"https:\/\/api.w.org\/{rel}","templated":true}]}}