{"id":13522,"date":"2020-10-17T10:04:38","date_gmt":"2020-10-17T10:04:38","guid":{"rendered":"http:\/\/latinexport.us\/blogg\/?p=13522"},"modified":"2020-10-05T12:01:41","modified_gmt":"2020-10-05T12:01:41","slug":"rencontre-nationale-2cv-2013","status":"publish","type":"post","link":"http:\/\/latinexport.us\/blogg\/2020\/10\/17\/rencontre-nationale-2cv-2013\/","title":{"rendered":"Rencontre Nationale 2cv 2013"},"content":{"rendered":"<p>1993 : Mondiale 2CV \u00e0 Nurmes, Finlande 1650 v\u00e9hicules Rallye du Printemps Avril 2019; Bac de la Bouille Seine Maritime A noter d\u00e8s \u00e0 pr\u00e9sent la date du dimanche 15 juin avec le grand rassemblement organis\u00e9 comme chaque ann\u00e9e \u00e0 loccasion de la f\u00eate communale de Voutr\u00e9 <img decoding=\"async\" src=\"http:\/\/p0.storage.canalblog.com\/04\/48\/758175\/101908360.jpg\" alt=\"rencontre nationale 2cv 2013\" align=\"center\"> le 602 citron : tu sais o\u00f9 tu vas, tu sais quand tu pars.. Tarrives quand? et sur longue distance, pr\u00e9vois ta caisse \u00e0 outils.. Mais quel r\u00e9gal au quotidien!! <img decoding=\"async\" src=\"http:\/\/i38.servimg.com\/u\/f38\/13\/74\/52\/54\/imgp7910.jpg\" alt=\"rencontre nationale 2cv 2013\" align=\"center\"> Sujet: Re: Nationale 2CV de Lavar\u00e9 08 au 12 mai 2013 72 Sam 18 Mai 2013, 10:50 Listing des diff\u00e9rentes manifestations de 2CV..-La Deuche \u00e0 la C\u00f4te Salon de Reims 2002 2 CV 44 et caravane 10e Rencontre Nationale des 2 CV Clubs de France \u00e0 Saint-Paul-de-Varax Album Souvenirs 2 CV Bijou 1961 Technique : remplacement des flexibles de frein arri\u00e8re <img decoding=\"async\" src=\"http:\/\/www.editions-harmattan.fr\/catalogue\/couv\/9782343135816r.jpg\" alt=\"rencontre nationale 2cv 2013\" align=\"center\">  Les \u00e9clats de rire de Jean-Pierre Foucault et L\u00e9on, RMC \u00c9ditions, 1985 Club ouvert a tous les v\u00e9hicules roulants avant lan 2000 2,3,4,6 roues rassemblement tous les quatri\u00e8mes dimanches du mois parking du college de la M\u00e9zi\u00e8re 35520. Il ma dit r\u00e9cemment : Tu es do\u00f9 Christophe? De Toulon? rires Il me suivra, cest le challenge humain qui lui pla\u00eet. Encore une fois, je peux comprendre que les gens aient peur : mais regardez ce quont fait les Qataris au PSG, cest remarquable.-Les tarifs dinscription sont par personne et non par auto. Se sont retrouv\u00e9s avec plaisir ce dimanche 12 mai pour la 1\u00e8re sortie de lann\u00e9e 2019, balade Sources du Lison, belv\u00e9d\u00e8re de Ren\u00e9dale, magnifique point de vue! la vall\u00e9e de la Loue..Ornans et Cl\u00e9ron  Planifiez vos voyages Id\u00e9es de Sorties entre passionn\u00e9s : Ne manquez aucun article! Votre location de ski en ligne jusqu\u00e0-60 moins cher quen station! Organisation de lexamen pour lann\u00e9e 2019-2020 dans le contexte de l\u00e9pid\u00e9mie de Covid-19 Animation et valorisation du Mus\u00e9e, rassemblements, sorties et bourse miniatures En raison de l\u00e9pid\u00e9mie du coronavirus Covid-19, nous avons le regret de vous annoncer lannulation de : Le 30 juin 2013 : Sortie dans le bassin Minier avec visite du Louvre-Lens D\u00e9p t 62, organis\u00e9e par le club Deuche D\u00e9couverte. Dyane 6 novembre 80 AC 442: la voiture de tous les jours et des manifestations. Hello les sudistes.. M\u00eame les Burton sont bien venues Les 31 ao\u00fbt et 1 er septembre 2013 : Sortie \u00e0 Le Cateau-Cambr\u00e9sis D\u00e9p t 59, organis\u00e9e par le club Deuche D\u00e9couverte : visite du mus\u00e9e Matisse, nuit en g\u00eete, d\u00e9placement sur la 6 \u00e8me \u00e9dition des Citrolesmoises..  Il re\u00e7oit la, \u00e9chelon vermeil, lors du Grand Concours des animateurs par, diffus\u00e9 le 2 mars 2018 sur. 1998 \u00e0 St-Quentin-en-Yvelines 78 organis\u00e9e par G\u00e9n\u00e9ration 2 CV.<\/p>\n","protected":false},"excerpt":{"rendered":"<p>rencontre nationale 2cv 2013<\/p>\n","protected":false},"author":1,"featured_media":0,"comment_status":"closed","ping_status":"closed","sticky":false,"template":"","format":"standard","meta":{"footnotes":""},"categories":[1],"tags":[],"class_list":["post-13522","post","type-post","status-publish","format-standard","hentry","category-uncategorized"],"_links":{"self":[{"href":"http:\/\/latinexport.us\/blogg\/wp-json\/wp\/v2\/posts\/13522","targetHints":{"allow":["GET"]}}],"collection":[{"href":"http:\/\/latinexport.us\/blogg\/wp-json\/wp\/v2\/posts"}],"about":[{"href":"http:\/\/latinexport.us\/blogg\/wp-json\/wp\/v2\/types\/post"}],"author":[{"embeddable":true,"href":"http:\/\/latinexport.us\/blogg\/wp-json\/wp\/v2\/users\/1"}],"replies":[{"embeddable":true,"href":"http:\/\/latinexport.us\/blogg\/wp-json\/wp\/v2\/comments?post=13522"}],"version-history":[{"count":1,"href":"http:\/\/latinexport.us\/blogg\/wp-json\/wp\/v2\/posts\/13522\/revisions"}],"predecessor-version":[{"id":13523,"href":"http:\/\/latinexport.us\/blogg\/wp-json\/wp\/v2\/posts\/13522\/revisions\/13523"}],"wp:attachment":[{"href":"http:\/\/latinexport.us\/blogg\/wp-json\/wp\/v2\/media?parent=13522"}],"wp:term":[{"taxonomy":"category","embeddable":true,"href":"http:\/\/latinexport.us\/blogg\/wp-json\/wp\/v2\/categories?post=13522"},{"taxonomy":"post_tag","embeddable":true,"href":"http:\/\/latinexport.us\/blogg\/wp-json\/wp\/v2\/tags?post=13522"}],"curies":[{"name":"wp","href":"https:\/\/api.w.org\/{rel}","templated":true}]}}