{"id":13650,"date":"2020-10-17T15:08:10","date_gmt":"2020-10-17T15:08:10","guid":{"rendered":"http:\/\/latinexport.us\/blogg\/?p=13650"},"modified":"2020-10-05T15:55:32","modified_gmt":"2020-10-05T15:55:32","slug":"rencontre-cecilia-richard-attias","status":"publish","type":"post","link":"http:\/\/latinexport.us\/blogg\/2020\/10\/17\/rencontre-cecilia-richard-attias\/","title":{"rendered":"Rencontre Cecilia Richard Attias"},"content":{"rendered":"<p>P211 en janvier 2006 je suis revenue apr\u00e8s de Nicolas pour refonder ma famille, de mani\u00e8re d\u00e9finitive et sans calcul daucune sorte. Javais d\u00e9cid\u00e9 de repartir dans mon ancienne vie en mettant une croix sur l\u00e9pisode pr\u00e9c\u00e9dent. Je voulais tout essayer, tant je d\u00e9sirais repartir sur des bases claires et \u00eatre \u00e0 nouveau heureuse aupr\u00e8s de mon mari. Malheureusement, il ne ma pas fallu beaucoup de temps pour comprendre que cela ne marcherait pas. Lorsque le vase est \u00e9br\u00e9ch\u00e9 il ne se casse peut-\u00eatre pas tout de suite, mais l\u00e9br\u00e9chure ne disparait jamais. Fallait-il sen satisfaire? Je lai essay\u00e9, pendant pr\u00e8s de deux ans. Lorsque jai compris que la tache \u00e9tait impossible et que ma vie \u00e9tait ailleurs, jai pris la seule d\u00e9cision qui simposait \u00e0 moi Malgr\u00e9 le volontarisme et la force que jaffichais, je my suis sentie perdue. Tant d\u00e9l\u00e9ments composites les tiss\u00e8rent. Des sentiments contradictoires et confus dabord ; javais renonc\u00e9 \u00e0 un homme que jaimais pour un autre que jesp\u00e9rais r\u00e9apprendre \u00e0 aimer L\u00e9nergie que je consacrais \u00e0 reconstruire ma vie venait-elle constamment se heurter \u00e0 mes doutes Ce qui na pas pu r\u00e9ussir \u00e0 faire repartir notre couple aura au moins contribu\u00e9 \u00e0 cette victoire de Sarko en 2007 et si la pression de la campagne pr\u00e9sidentielle devenait trop forte, je savais me rendre invisible en ne sortant pas de chez moi. Les combats int\u00e9rieurs reprenaient alors le dessus. Richard Attias rencontre C\u00e9cilia Sarkozy alors quil soccupe de lorganisation dun congr\u00e8s au Bourget pour la nomination de son \u00e9poux Nicolas \u00e0 la t\u00eate du parti UMP en novembre 2004.  Ayant rejoint sa m\u00e8re aux Etats-Unis juste avant la d\u00e9faite de son p\u00e8re \u00e0 la pr\u00e9sidentielle de 2012, Louis Sarkozy se rappellera ensuite r\u00e9guli\u00e8rement au bon souvenir des Fran\u00e7ais en, le fils dune autre Premi\u00e8re dame bless\u00e9e, ou en donnant son avis tous azimuts sur le Web et dans la presse. Pour l\u00e9l\u00e8ve de l\u00e9cole militaire prestigieuse de la Valley Forge Academy, quil quittera en 2016, tous les sujets seront bons pour provoquer le d\u00e9bat ou provoquer tout court. Opinions politiques tranch\u00e9es, passion pour la chose militaire, d\u00e9fense du port darme.. Celui qui se fait alors appeler Sarko Junior na d\u00e9j\u00e0 aucun complexe quand il sagit de donner son point de vue sur tout, avec un certain sens du contre-pied quand il se dit favorable par exemple favorable au Mariage pour tous ou \u00e0 la lib\u00e9ration de toutes les drogues. En 2016, cest sur le terrain people quon le retrouvera \u00e0 Paris, \u00e0 la faveur dune br\u00e8ve relation avec la chroniqueuse t\u00e9l\u00e9 Capucine Anav. Elle rencontre, puis \u00e9pouse le 10 ao\u00fbt 1984 1933-2007, lanimateur vedette de et de. Ce mariage a lieu \u00e0 la mairie de et est c\u00e9l\u00e9br\u00e9 par son maire. Elle cesse alors de travailler. Leur couple aura deux filles, Judith n\u00e9e le 22 ao\u00fbt 1984 et Jeanne-Marie n\u00e9e le 8 juin 1987.  Le 9 novembre 2005, selon du 16 novembre, Nicolas Sarkozy convoque au minist\u00e8re de lInt\u00e9rieur le pr\u00e9sident-directeur g\u00e9n\u00e9ral des \u00c9ditions First, Vincent Barbare, pour le menacer de foudres judiciaires et vari\u00e9es. Cette maison d\u00e9dition sappr\u00eatait \u00e0 publier le 24 novembre une biographie non autoris\u00e9e de C\u00e9cilia Sarkozy. Louvrage, sign\u00e9 par la journaliste de, est finalement publi\u00e9 le 8 f\u00e9vrier 2006 sous le titre Entre le c\u0153ur et la raison, sous forme de roman, aux \u00e9ditions Fayard. <img decoding=\"async\" src=\"http:\/\/4.bp.blogspot.com\/-QQH8VLF2bp8\/UtRaD76UxQI\/AAAAAAAAMHc\/DT27AqEwuFk\/s1600\/Sans+titre+4.jpg\" alt=\"rencontre cecilia richard attias\" align=\"left\"> Le 19 Octobre 2007, une interview avec C\u00e9cilia Sarkozy a \u00e9t\u00e9 publi\u00e9 sur la page d accueil de, un journal r\u00e9gional fran\u00e7ais. Dans ce document, elle a admis quelle \u00e9tait enfuie avec son amant,, en 2005 jai rencontr\u00e9 quelquun, je suis tomb\u00e9 amoureux, je suis parti et que si elle est finalement revenu \u00e0 Sarkozy, ils ont \u00e9t\u00e9 incapables de r\u00e9parer leur mariage. Ce qui me est arriv\u00e9 \u00e0 des millions de personnes: un jour, vous navez plus votre place dans le couple Le couple est plus la chose essentielle de votre vie, il ne fonctionne plus, il ne fonctionne plus.. <img decoding=\"async\" src=\"http:\/\/static1.purepeople.com\/articles\/7\/12\/36\/87\/@\/1168375-cecilia-sarkozy-et-nicolas-sarkozy-950x0-2.jpg\" alt=\"rencontre cecilia richard attias\" align=\"center\"> Une envie de v\u00e9rit\u00e9-C\u00e9cilia Attias-Librairie Ombres Blanches Sans contrat pr\u00e9alable. Mariage dissous par jugement de divorce du juge aux affaires familliales du tribunal de grande instance de Nanterre Hauts-de-Seine, rendu le 15 octobre 2007. Sources: Neuilly-sur-Seine, Ann\u00e9e 1996, Acte n329 octobre dernier, apr\u00e8s onze ans de mariage. Le chef de <img decoding=\"async\" src=\"http:\/\/catalogue.gazette-drouot.com\/images\/perso\/full\/LOT\/85\/16612\/11.jpg\" alt=\"rencontre cecilia richard attias\" align=\"right\"> Son nouvel \u00e9poux Richard Attias pr\u00e9cise quant \u00e0 lui quil f\u00e9licitait Edwy Plenel pour son passage sur France 2, \u00e0 loccasion de l\u00e9mission Mots crois\u00e9s. Une intervention au cours de laquelle le journaliste s\u00e9tait exprim\u00e9 sur les affaires auxquelles doit faire face Nicolas Sarkozy, plus nombreuses que jamais. Il avait notamment soutenu que si lon en venait \u00e0 prouver que de largent public avait \u00e9t\u00e9 vol\u00e9 dans une campagne \u00e9lectorale, alors il faudrait la prison.  St\u00e9phane Bern : Vous naurez pas le dernier mot d\u00e9samorce tout ce quil y a de plus triste dans la mort Cinq ann\u00e9es de tourments, tourmentes, crises et temp\u00eates qui auront marqu\u00e9 cette pr\u00e9sidence hors norme. La Cour des comptes d\u00e9tablir des r\u00e8gles de transparence pour les fonds allou\u00e9s \u00e0 la Pr\u00e9sidence 24. Jour quand ils font la Une du magazine Paris Match. Cette couverture provoque Par Vanessa Schneider. Photos : Graeme Mitchell Publi\u00e9 le 29 juin 2012 \u00e0 09h14-Mis \u00e0 jour le 01 juillet 2012 \u00e0 17h20.<\/p>\n","protected":false},"excerpt":{"rendered":"<p>rencontre cecilia richard attias<\/p>\n","protected":false},"author":1,"featured_media":0,"comment_status":"closed","ping_status":"closed","sticky":false,"template":"","format":"standard","meta":{"footnotes":""},"categories":[1],"tags":[],"class_list":["post-13650","post","type-post","status-publish","format-standard","hentry","category-uncategorized"],"_links":{"self":[{"href":"http:\/\/latinexport.us\/blogg\/wp-json\/wp\/v2\/posts\/13650","targetHints":{"allow":["GET"]}}],"collection":[{"href":"http:\/\/latinexport.us\/blogg\/wp-json\/wp\/v2\/posts"}],"about":[{"href":"http:\/\/latinexport.us\/blogg\/wp-json\/wp\/v2\/types\/post"}],"author":[{"embeddable":true,"href":"http:\/\/latinexport.us\/blogg\/wp-json\/wp\/v2\/users\/1"}],"replies":[{"embeddable":true,"href":"http:\/\/latinexport.us\/blogg\/wp-json\/wp\/v2\/comments?post=13650"}],"version-history":[{"count":1,"href":"http:\/\/latinexport.us\/blogg\/wp-json\/wp\/v2\/posts\/13650\/revisions"}],"predecessor-version":[{"id":13651,"href":"http:\/\/latinexport.us\/blogg\/wp-json\/wp\/v2\/posts\/13650\/revisions\/13651"}],"wp:attachment":[{"href":"http:\/\/latinexport.us\/blogg\/wp-json\/wp\/v2\/media?parent=13650"}],"wp:term":[{"taxonomy":"category","embeddable":true,"href":"http:\/\/latinexport.us\/blogg\/wp-json\/wp\/v2\/categories?post=13650"},{"taxonomy":"post_tag","embeddable":true,"href":"http:\/\/latinexport.us\/blogg\/wp-json\/wp\/v2\/tags?post=13650"}],"curies":[{"name":"wp","href":"https:\/\/api.w.org\/{rel}","templated":true}]}}