{"id":13652,"date":"2020-10-17T17:24:48","date_gmt":"2020-10-17T17:24:48","guid":{"rendered":"http:\/\/latinexport.us\/blogg\/?p=13652"},"modified":"2020-10-05T15:58:10","modified_gmt":"2020-10-05T15:58:10","slug":"rencontre-musicale-mont-dore","status":"publish","type":"post","link":"http:\/\/latinexport.us\/blogg\/2020\/10\/17\/rencontre-musicale-mont-dore\/","title":{"rendered":"Rencontre Musicale Mont Dore"},"content":{"rendered":"<p>Vous pouvez aider \u00e0 ou bien discuter des probl\u00e8mes sur sa. Brive la Gaillarde 19 Eglise des Grottes St-Antoine Cest lhistoire dun mac et dune pute, jou\u00e9e et chant\u00e9e \u00e0 travers un r\u00e9pertoire des ann\u00e9es 30 aux ann\u00e9es 60. Plus quun concert, les quatre musiciens de Projet Newton am\u00e8nent avec eux quatre personnages pleins de surprise. Un voyage dans le temps, des m\u00e9lodies dansantes, des textes malicieux, une pointe de rocknroll sont les ingr\u00e9dients dun instant enivrant. Centre-ville de mont-dore rue C\u00f4te-Boissy 36400 Le Mont-Dore 36400 Le Mont-Dore  Benjamin BARRIA was born in Albi in 1980. At six years old, he was fascinated by music, particularly piano. He follows the courses of the National Conservatory of Toulouse, France, in the class of Philippe Blacher and gets the first piano price in 2002. After that, always looking after the best of himself, he decided to perfect his way of playing by following lessons in Paris, whith Marie-Josephe Jude and Stefan Patry. MixFeever, cest une playlist unique et des mixs exclusifs pour faire de notre antenne la radio locale de Mont-Dore unique et origiale! possibilit\u00e9 de guide privatif \u00e0 partir de 10 pers. Sur demande avec participation-Vendredi : f\u00eate foraine d\u00e8s 17h ; concert de lOrchestre dHarmonie ; retraite aux flambeaux \u00e0 la plage de Longues et feux dartifice \u00e0 23h Le succ\u00e8s de Dire Straits Experience en France est sans pr\u00e9c\u00e9dent! Depuis le premier Olympia complet en novembre 2018, plus de 15 000 personnes ont assist\u00e9 \u00e0 ce show qui nous replonge dans lunivers des Dire Straits \u00e0 la note pr\u00e8s. Alors quils sappr\u00eatent \u00e0 revenir en France cet \u00e9t\u00e9 et en novembre 2019, les membres annoncent d\u00e9j\u00e0 une tourn\u00e9e en mars 2020 qui les fera traverse Comme tous les grands rassemblements d\u00e9t\u00e9, la 71e \u00e9dition du Festival dAnjou pr\u00e9vue du 8 juin au 3.. Cours par webcam Cours en face \u00e0 face Profil valid\u00e9 Lorem ipsum dolor sit amet, elit, cras ut imperdiet augue. Le Comit\u00e9 des f\u00eates de Longues organise sa grande f\u00eate de l\u00e9t\u00e9 qui ravira petits et grands avec feux dartifice, retraite aux flambeaux, vide grenier et concert. <img decoding=\"async\" src=\"http:\/\/carnetdebort.org\/images\/affiches\/2016\/aout\/meeting-musical-Monts-Dore.jpg\" alt=\"rencontre musicale mont dore\" align=\"right\"> <img decoding=\"async\" src=\"http:\/\/www.auvergne-tourisme.info\/docs\/304-1-dsc8002.jpg\" alt=\"rencontre musicale mont dore\" align=\"center\"> <img decoding=\"async\" src=\"http:\/\/www.carlos-cebro-pianiste.fr\/resources\/RMMD+20181.jpg\" alt=\"rencontre musicale mont dore\" align=\"left\"> \u00c0 deux pas du Massif du Sancy, le domaine skiable du Mont-Dore promet tous les skis! Dans la station de ski du Mont-Dore, que vous soyez ski alpin ou ski de fond, skiez en famille et sur des pistes jamais bond\u00e9es. Montceau-les-Mines : Festival tango, swing et bretelles  Dabord entre eux, puis avec leurs parents \u00e0 partir de 23h, afin de passer le reste des f\u00eates de fin dann\u00e9e en famille. Vite, nh\u00e9sitez plus et passez No\u00ebl ou le Nouvel An \u00e0 la montagne!  Ces r\u00e9sultats tr\u00e8s encouragent pour notre \u00e9cole, sont le fruit dun excellent travail et dune implication totale de la part de nos \u00e9l\u00e8ves et de leurs professeurs, Sandy GREGORIS et jean Fran\u00e7ois MARTIN. Toutes nos chaleureuses et sinc\u00e8res f\u00e9licitations \u00e0 eux. Et pour vous faciliter la vie et les vacances, tous les commerces et services sont sous la main. En 2017, le trio enseigne \u00e0 lAcad\u00e9mie Musicale Internationale de la C\u00f4te de Nacre, il est \u00e9galement ensemble en r\u00e9sidence au Festival de la Roque dAnth\u00e9ron en 2015 et 2016 et ensemble en r\u00e9sidence au festival des Arcs de 2016 \u00e0 2018.<\/p>\n","protected":false},"excerpt":{"rendered":"<p>rencontre musicale mont dore<\/p>\n","protected":false},"author":1,"featured_media":0,"comment_status":"closed","ping_status":"closed","sticky":false,"template":"","format":"standard","meta":{"footnotes":""},"categories":[1],"tags":[],"class_list":["post-13652","post","type-post","status-publish","format-standard","hentry","category-uncategorized"],"_links":{"self":[{"href":"http:\/\/latinexport.us\/blogg\/wp-json\/wp\/v2\/posts\/13652","targetHints":{"allow":["GET"]}}],"collection":[{"href":"http:\/\/latinexport.us\/blogg\/wp-json\/wp\/v2\/posts"}],"about":[{"href":"http:\/\/latinexport.us\/blogg\/wp-json\/wp\/v2\/types\/post"}],"author":[{"embeddable":true,"href":"http:\/\/latinexport.us\/blogg\/wp-json\/wp\/v2\/users\/1"}],"replies":[{"embeddable":true,"href":"http:\/\/latinexport.us\/blogg\/wp-json\/wp\/v2\/comments?post=13652"}],"version-history":[{"count":1,"href":"http:\/\/latinexport.us\/blogg\/wp-json\/wp\/v2\/posts\/13652\/revisions"}],"predecessor-version":[{"id":13653,"href":"http:\/\/latinexport.us\/blogg\/wp-json\/wp\/v2\/posts\/13652\/revisions\/13653"}],"wp:attachment":[{"href":"http:\/\/latinexport.us\/blogg\/wp-json\/wp\/v2\/media?parent=13652"}],"wp:term":[{"taxonomy":"category","embeddable":true,"href":"http:\/\/latinexport.us\/blogg\/wp-json\/wp\/v2\/categories?post=13652"},{"taxonomy":"post_tag","embeddable":true,"href":"http:\/\/latinexport.us\/blogg\/wp-json\/wp\/v2\/tags?post=13652"}],"curies":[{"name":"wp","href":"https:\/\/api.w.org\/{rel}","templated":true}]}}