{"id":13656,"date":"2020-10-17T23:21:31","date_gmt":"2020-10-17T23:21:31","guid":{"rendered":"http:\/\/latinexport.us\/blogg\/?p=13656"},"modified":"2020-10-05T16:05:33","modified_gmt":"2020-10-05T16:05:33","slug":"a-la-rencontre-du-pere-noel-reims","status":"publish","type":"post","link":"http:\/\/latinexport.us\/blogg\/2020\/10\/17\/a-la-rencontre-du-pere-noel-reims\/","title":{"rendered":"A La Rencontre Du Pere Noel Reims"},"content":{"rendered":"<p>De 17 h \u00e0 19 h : vente de bi\u00e8res et chips locales.  Il semble parfois difficile de t\u00e9moigner de sa foi au bureau, m\u00eame devant la machine \u00e0 caf\u00e9. Jo\u00ebl Poirat des parcours Alpha Pro et le p\u00e8re Jean-Baptiste Arnaud nous proposent de donner du sens \u00e0 notre travail et dy annoncer le Christ avec simplicit\u00e9, dans Ecclesia Magazine. <img decoding=\"async\" src=\"http:\/\/www.cm-reims.fr\/portals\/48\/images\/Noel%20de%20l'art%20visuel.JPG\" alt=\"a la rencontre du pere noel reims\" align=\"left\">  Les enfants nont-ils pas trop froid pendant les activit\u00e9s? Activit\u00e9s, ambiance, environnement, magie.. Tout \u00e9tait parfait. Ma fille 5 ans a pleur\u00e9 de repartir. Voyage G\u00e9nial Les 2 autres rencontres BESANCON vs RHR1 et BESANCON vs RHR2 seront jou\u00e9es le samedi 19 novembre. Les F\u00e9minine ont remport\u00e9 la m\u00e9daille de bronze 31 face \u00e0 lEspagne et ont acc\u00e9d\u00e9 au podium aux c\u00f4t\u00e9s des Etats-Unis, vainqueurs de la comp\u00e9tition et du Canada. <img decoding=\"async\" src=\"http:\/\/img.over-blog-kiwi.com\/400x260-ct\/2\/48\/84\/32\/20180719\/ob_8733a4_location-pere-noel-pour-animations-de.jpg\" alt=\"a la rencontre du pere noel reims\" align=\"right\"> Marre des r\u00e9veillons trop attendus, qui ne sont jamais \u00e0 la hauteur de vos esp\u00e9rances? Envie de donner un peu de votre temps, de vous rendre vraiment utile? Envie dune vague de chaleur humaine pour recharger vos batteries? Le portefeuille, lui, na pas \u00e9t\u00e9 retrouv\u00e9 il contenait une carte bancaire et des papiers didentit\u00e9 Nos minimes \u00e9quipe 2 ont commenc\u00e9 leur championnat par un long d\u00e9placement sur les terres Strasbourgeoises. Rencontre avec le P\u00e8re-No\u00ebl et spectacle de lAtelier th\u00e9\u00e2tre Ecole primaire publique CEFFONDS Pour autant, on na pas de meilleurs r\u00e9sultats queux. Pour une raison simple, cest quils ont un \u00e9tat desprit meilleur que le n\u00f4tre.  Un merveilleux s\u00e9jour, o\u00f9 petits, grands et grands parents ont rempli leurs yeux dimages et de souvenirs f\u00e9\u00e9riques. <img decoding=\"async\" src=\"http:\/\/www.help.claraduffy.com\/images\/produits\/05185.bmp\" alt=\"a la rencontre du pere noel reims\" align=\"right\"> Revenue depuis deux jours de Laponie \u00e0 la recherche du P\u00e8re NO\u00ebl, jai d\u00e9j\u00e0 conseill\u00e9 plusieurs fois ce voyage propos\u00e9 par Vivatours. Le rapport qualit\u00e9prix est tout \u00e0 fait correct : les activit\u00e9s sont nombreuses, encadr\u00e9es, en petits groupes, tr\u00e8s organis\u00e9es. Les enfants ont encore des \u00e9toiles dans les yeux quand ils parlent des chiens de traineaux, des rennes, du P\u00e8re no\u00ebl.. C\u00e9tait magique pour nous tous.. Mercredi 11 d\u00e9cembre : Viens d\u00e9corer une boule de no\u00ebl Afin de permettre la mise \u00e0 dispositition imm\u00e9diate de s\u00e9ances p\u00e9dagogiques en ligne, les acad\u00e9mies peuvent sappuyer sur la plateforme d\u00e9di\u00e9e du CNED : Ma classe \u00e0 la maison. Copyright 2017 Falegnameria ezio sordelliPowered by.<\/p>\n","protected":false},"excerpt":{"rendered":"<p>a la rencontre du pere noel reims<\/p>\n","protected":false},"author":1,"featured_media":0,"comment_status":"closed","ping_status":"closed","sticky":false,"template":"","format":"standard","meta":{"footnotes":""},"categories":[1],"tags":[],"class_list":["post-13656","post","type-post","status-publish","format-standard","hentry","category-uncategorized"],"_links":{"self":[{"href":"http:\/\/latinexport.us\/blogg\/wp-json\/wp\/v2\/posts\/13656","targetHints":{"allow":["GET"]}}],"collection":[{"href":"http:\/\/latinexport.us\/blogg\/wp-json\/wp\/v2\/posts"}],"about":[{"href":"http:\/\/latinexport.us\/blogg\/wp-json\/wp\/v2\/types\/post"}],"author":[{"embeddable":true,"href":"http:\/\/latinexport.us\/blogg\/wp-json\/wp\/v2\/users\/1"}],"replies":[{"embeddable":true,"href":"http:\/\/latinexport.us\/blogg\/wp-json\/wp\/v2\/comments?post=13656"}],"version-history":[{"count":1,"href":"http:\/\/latinexport.us\/blogg\/wp-json\/wp\/v2\/posts\/13656\/revisions"}],"predecessor-version":[{"id":13657,"href":"http:\/\/latinexport.us\/blogg\/wp-json\/wp\/v2\/posts\/13656\/revisions\/13657"}],"wp:attachment":[{"href":"http:\/\/latinexport.us\/blogg\/wp-json\/wp\/v2\/media?parent=13656"}],"wp:term":[{"taxonomy":"category","embeddable":true,"href":"http:\/\/latinexport.us\/blogg\/wp-json\/wp\/v2\/categories?post=13656"},{"taxonomy":"post_tag","embeddable":true,"href":"http:\/\/latinexport.us\/blogg\/wp-json\/wp\/v2\/tags?post=13656"}],"curies":[{"name":"wp","href":"https:\/\/api.w.org\/{rel}","templated":true}]}}