{"id":13768,"date":"2020-10-17T19:13:18","date_gmt":"2020-10-17T19:13:18","guid":{"rendered":"http:\/\/latinexport.us\/blogg\/?p=13768"},"modified":"2020-10-05T19:25:37","modified_gmt":"2020-10-05T19:25:37","slug":"charente-rencontre","status":"publish","type":"post","link":"http:\/\/latinexport.us\/blogg\/2020\/10\/17\/charente-rencontre\/","title":{"rendered":"Charente Rencontre"},"content":{"rendered":"<p>En naviguant sur notre site vous acceptez linstallation et lutilisation des cookies sur votre ordinateur. Inscription-formulaire t\u00e9l\u00e9chargeable Au plus tard le 26 juin 2020 aupr\u00e8s de la Maison des Associations 61 bis rue Paul Doumer Royan T\u00e9l. 05 46 38 46 52 06 73 16 61  <img decoding=\"async\" src=\"http:\/\/www.cheval-poitoucharentes.com\/photos\/Spectacle%20image.jpg\" alt=\"charente rencontre\" align=\"center\"> EVOLIS vous propose sur ANGOULEME en centre co. Avec hyper, la location pure dun local commercial de 80m, avec terrasse possible dans le mail et extraction envisageable. Centre commercial dynamique avec une grande surf Bonjour, c\u00e9libataire je cherche \u00e0 reconstruire ma vie et \u00e0 me constituer un nouveau cercle damis. Jai des int\u00e9r\u00eats tr\u00e8s vari\u00e9s, je suis plut\u00f4t nature, bien-\u00eatre etc. Et si possible si je pouvais trouver des gens pour faire des balades \u00e0 moto, ce serait top je viens davoir le permis et javoue que je nose pas trop toute seule. Je cherche \u00e0 \u00e9changer, partager des activit\u00e9s et d\u00e9velopper des amiti\u00e9s sinc\u00e8res. <img decoding=\"async\" src=\"http:\/\/www.gillespudlowski.com\/wp-content\/uploads\/2017\/06\/img_7246-1024x768.jpg\" alt=\"charente rencontre\" align=\"right\"> Cin\u00e9ma Sorties entre amis Moto Bricolage,Informatique,Nature,autres Je suis tr\u00e8s attentionn\u00e9e, optimiste, courageuse et tr\u00e8s n.. Bonjour et merci pour votre site, jai trouv\u00e9 ce que je cherchais et souhaite supprimer mon compte., je suis en couple depuis 1 an et 2 mois mais ma relation est assez compliqu\u00e9, et je pense que le meilleur moyen pour me changer les id\u00e9es serais de faire de nouvelle rencontre Bonjour maman dune fille de 7 ans s\u00e9parer du papa et maman dune puce de bient\u00f4t 3 mois en couple \u00e9tant en cong\u00e9 parental depuis peu je cherche \u00e0 sortir de la solitude et de la routine. Comme par exemple rencontrer des filles avoir de vraie amies sinc\u00e8re sur qui compter. Sortir papoter rire et partager pleins de bons moment m\u00eame si parfois jai mes enfants. Jai pas de crit\u00e8res physiques ni d\u00e2ge, je cherche plut\u00f4t un feeling. <img decoding=\"async\" src=\"http:\/\/img.over-blog-kiwi.com\/0\/55\/19\/56\/20151227\/ob_696fb7_12289715-10207025340205624-79292698424.jpg\" alt=\"charente rencontre\" align=\"left\"> Les modalit\u00e9s de r\u00e9mun\u00e9ration sont facilit\u00e9es. Lidentification des patients non \u00e9ligibles a \u00e9t\u00e9 am\u00e9lior\u00e9e.  Cloudflare Ray ID: 5a2b733f1f3caada Your IP: 103.90.45.143 Performance security by  Salut! Je suis de la r\u00e9gion depuis un bon moments et jai quelques amis deja dans le coin. Alors que fais je ici? En r\u00e9alit\u00e9 jai.. Je vis seul, je suis jeune desprit, je me revendique litt\u00e9raire, je cherche de la compagnie ne croyant plus trop \u00e0 lamour sinc\u00e8re mais \u00e0 lamiti\u00e9 je lesp\u00e8re \u00e0 bient\u00f4t Pour une amiti\u00e9 durable, jaimerais rencontrer une personne sinc\u00e8re, respectueuse, discr\u00e8te pour partager quelques moments de loisir en semaine apr\u00e8s travail etou quelques week-end.<\/p>\n","protected":false},"excerpt":{"rendered":"<p>charente rencontre<\/p>\n","protected":false},"author":1,"featured_media":0,"comment_status":"closed","ping_status":"closed","sticky":false,"template":"","format":"standard","meta":{"footnotes":""},"categories":[1],"tags":[],"class_list":["post-13768","post","type-post","status-publish","format-standard","hentry","category-uncategorized"],"_links":{"self":[{"href":"http:\/\/latinexport.us\/blogg\/wp-json\/wp\/v2\/posts\/13768","targetHints":{"allow":["GET"]}}],"collection":[{"href":"http:\/\/latinexport.us\/blogg\/wp-json\/wp\/v2\/posts"}],"about":[{"href":"http:\/\/latinexport.us\/blogg\/wp-json\/wp\/v2\/types\/post"}],"author":[{"embeddable":true,"href":"http:\/\/latinexport.us\/blogg\/wp-json\/wp\/v2\/users\/1"}],"replies":[{"embeddable":true,"href":"http:\/\/latinexport.us\/blogg\/wp-json\/wp\/v2\/comments?post=13768"}],"version-history":[{"count":1,"href":"http:\/\/latinexport.us\/blogg\/wp-json\/wp\/v2\/posts\/13768\/revisions"}],"predecessor-version":[{"id":13769,"href":"http:\/\/latinexport.us\/blogg\/wp-json\/wp\/v2\/posts\/13768\/revisions\/13769"}],"wp:attachment":[{"href":"http:\/\/latinexport.us\/blogg\/wp-json\/wp\/v2\/media?parent=13768"}],"wp:term":[{"taxonomy":"category","embeddable":true,"href":"http:\/\/latinexport.us\/blogg\/wp-json\/wp\/v2\/categories?post=13768"},{"taxonomy":"post_tag","embeddable":true,"href":"http:\/\/latinexport.us\/blogg\/wp-json\/wp\/v2\/tags?post=13768"}],"curies":[{"name":"wp","href":"https:\/\/api.w.org\/{rel}","templated":true}]}}