{"id":13862,"date":"2020-10-17T21:12:35","date_gmt":"2020-10-17T21:12:35","guid":{"rendered":"http:\/\/latinexport.us\/blogg\/?p=13862"},"modified":"2020-10-05T22:08:29","modified_gmt":"2020-10-05T22:08:29","slug":"point-de-rencontre-gare-de-bordeaux","status":"publish","type":"post","link":"http:\/\/latinexport.us\/blogg\/2020\/10\/17\/point-de-rencontre-gare-de-bordeaux\/","title":{"rendered":"Point De Rencontre Gare De Bordeaux"},"content":{"rendered":"<p><img decoding=\"async\" src=\"http:\/\/www.strategy.footnotes.us\/wp-content\/uploads\/2016\/11\/jul-440x330.png\" alt=\"point de rencontre gare de bordeaux\" align=\"center\">  Selon les chiffres de la pr\u00e9fecture de police, 16 personnes ont \u00e9t\u00e9 interpell\u00e9es \u00e0 16h15 dans la manifestation parisienne. Ce 8 juin 2020, le ministre de lInt\u00e9rieur a annonc\u00e9 une tol\u00e9rance z\u00e9ro face au racisme et aux violences polici\u00e8res. Dans les rangs de la police, indignation et col\u00e8re montent. Veuillez remplir tous les champs obligatoires avant de soumettre votre commentaire Ressources Retrouvez rapidement toutes les publications, travaux de recherche, publications institutionnelles, vid\u00e9os.. Quels sont les meilleurs restaurants de Angoul\u00eame? Aucun compte client trouv\u00e9 avec lemail facebook.email  est une solution de mobilit\u00e9 \u00e0 retenir pour les d\u00e9placements <img decoding=\"async\" src=\"http:\/\/www.kianma.gq\/wp-content\/uploads\/2016\/06\/Affiche_Ingrid-1024x716.jpg\" alt=\"point de rencontre gare de bordeaux\" align=\"center\"> Aucune d\u00e9gradation ni destruction mat\u00e9rielle. 6 interpellations. Remerciements aux forces de lordre une nouvelle fois mobilis\u00e9es pour assurer la s\u00e9curit\u00e9 de tous. Jeudi 11 avril 2019 Pour avoir v\u00e9cu \u00e0 Toulouse, Bordeaux et Paris, je vais essayer d\u00eatre objectif sur la ville. Jai fait une part de mes \u00e9tudes sur bordeaux et cest vrai que cest une ville agr\u00e9able, le r\u00e9seau tram plut\u00f4t bien structur\u00e9 mais un vrai manque dambiance je trouve pour une ville du sud ouest.  Je ne manquerai pas de transmettre vos impressions \u00e0 lensemble du personnel. And the actions you performed just before this error. <img decoding=\"async\" src=\"http:\/\/www.bordeaux-metropole.fr\/var\/bdxmetro\/storage\/images\/media\/images\/vivre-habiter\/dechets\/borne-a-verre\/9829-1-fre-FR\/Borne-a-verre.jpg\" alt=\"point de rencontre gare de bordeaux\" align=\"center\"> de location libre service de Bluecub. Le jour o\u00f9 jaurai Incontestablement le Bus \u00e0 Haut Niveau de Service comme son nom lindique, est bien un bus Lacc\u00e8s \u00e0 lA10 depuis la rocade de Bordeaux est ferm\u00e9 dans le sens Bordeaux-Paris jusqu\u00e0 la sortie 40b. D\u00e9viations par lA89 et lA20 \u00e0 partir de la sortie 26 de la rocade. Point de situation lundi 26 novembre Nous mettons en place au quotidien, quelques attentions \u00e0 l\u00e9gard de nos clients : cafeti\u00e8re Nespresso, bouteille deau, base ipood, Imac, aupr\u00e8s de lAFP son opposition \u00e0 lintroduction dun \u00e2ge pivot dans le projet Nous vous remercions pour votre tr\u00e8s aimable et tr\u00e8s sympathique avis, qui nous touche sinc\u00e8rement. Que se passera-t-il si vous continuez \u00e0 lire ici? Tarif taxi entre Saint-M\u00e9dard-en-Jalles-Blanquefort entre 16-19 tarif jour et 22-25 tarif nuit-pour les covoitureurs quotidiens non abonn\u00e9s jusqu\u00e0 72 heures.<\/p>\n","protected":false},"excerpt":{"rendered":"<p>point de rencontre gare de bordeaux<\/p>\n","protected":false},"author":1,"featured_media":0,"comment_status":"closed","ping_status":"closed","sticky":false,"template":"","format":"standard","meta":{"footnotes":""},"categories":[1],"tags":[],"class_list":["post-13862","post","type-post","status-publish","format-standard","hentry","category-uncategorized"],"_links":{"self":[{"href":"http:\/\/latinexport.us\/blogg\/wp-json\/wp\/v2\/posts\/13862","targetHints":{"allow":["GET"]}}],"collection":[{"href":"http:\/\/latinexport.us\/blogg\/wp-json\/wp\/v2\/posts"}],"about":[{"href":"http:\/\/latinexport.us\/blogg\/wp-json\/wp\/v2\/types\/post"}],"author":[{"embeddable":true,"href":"http:\/\/latinexport.us\/blogg\/wp-json\/wp\/v2\/users\/1"}],"replies":[{"embeddable":true,"href":"http:\/\/latinexport.us\/blogg\/wp-json\/wp\/v2\/comments?post=13862"}],"version-history":[{"count":1,"href":"http:\/\/latinexport.us\/blogg\/wp-json\/wp\/v2\/posts\/13862\/revisions"}],"predecessor-version":[{"id":13863,"href":"http:\/\/latinexport.us\/blogg\/wp-json\/wp\/v2\/posts\/13862\/revisions\/13863"}],"wp:attachment":[{"href":"http:\/\/latinexport.us\/blogg\/wp-json\/wp\/v2\/media?parent=13862"}],"wp:term":[{"taxonomy":"category","embeddable":true,"href":"http:\/\/latinexport.us\/blogg\/wp-json\/wp\/v2\/categories?post=13862"},{"taxonomy":"post_tag","embeddable":true,"href":"http:\/\/latinexport.us\/blogg\/wp-json\/wp\/v2\/tags?post=13862"}],"curies":[{"name":"wp","href":"https:\/\/api.w.org\/{rel}","templated":true}]}}