{"id":13894,"date":"2020-10-17T19:46:33","date_gmt":"2020-10-17T19:46:33","guid":{"rendered":"http:\/\/latinexport.us\/blogg\/?p=13894"},"modified":"2020-10-05T22:44:18","modified_gmt":"2020-10-05T22:44:18","slug":"rencontre-bd-cartoucherie","status":"publish","type":"post","link":"http:\/\/latinexport.us\/blogg\/2020\/10\/17\/rencontre-bd-cartoucherie\/","title":{"rendered":"Rencontre Bd Cartoucherie"},"content":{"rendered":"<p>Kilimax 8 un livre par mois d livres e novembre \u00e0 juin 5 \u00e0 7 ans 2015-2016 l \u00e9cole des loisirs kilimax l \u00e9cole des loisirs pr\u00e9sente huit livres en couleurs, r\u00e9unis dans l abonnement kilimax pour les enfants Fort du succ\u00e8s de la 4 e \u00e9dition, nous mettrons particuli\u00e8rement laccent sur ladaptation cin\u00e9ma et animation en partenariat avec les studios de la Cartoucherie et l\u00e9quip\u00e9e. Vous pourrez donc retrouvez des auteurs dont le travail ou l\u0153uvre ont un lien avec ladaptation de la bande dessin\u00e9e. Minist\u00e8re des Affaires \u00e9trang\u00e8res et europ\u00e9ennes Direction de la coop\u00e9ration culturelle et du fran\u00e7ais Regards VI, DVD 1 Culture R\u00e9alisation Isabelle Barri\u00e8re, Thomas Sorin CAVILAM R\u00e9daction Thomas Sorin Informations hebdomadaires 77-ann\u00e9e scolaire 2013-2014 N 33 Courriel : ce.0080894dac-reims.fr Site web : www.collegesalengro.fr 2 bis-Rue des M\u00e9sanges 08002 Charleville-M\u00e9zi\u00e8res T\u00e9l. : 03 24 37 56 <img decoding=\"async\" src=\"http:\/\/www.crl-midipyrenees.fr\/wp-content\/uploads\/2016\/02\/affiche-eat-4.jpg\" alt=\"rencontre bd cartoucherie\" align=\"right\"> Suite aux annonces du Gouvernement sur lacte II du d\u00e9confinement, nous avons le plaisir de vous annoncer que lensemble des parcs d\u00e9partementaux seront ouverts au public \u00e0 compter du samedi 30 mai 7h30-20h. Nous utilisons des cookies pour vous offrir la meilleure exp\u00e9rience sur notre site.  Les frais de transports des \u00e9l\u00e8ves ont \u00e9t\u00e9 pris en charge par le Conseil R\u00e9gional Rhone-Alpes que nous remercions Mais d\u00e9j\u00e0 il est lheure de reprendre la r\u00e9p\u00e9tition et Benjamin Millepied se glisse dans la grande salle, impatient de d\u00e9couvrir les beaut\u00e9s sauvages de ce Shakespeare jou\u00e9 par quarante-huit com\u00e9diens. Mais chut <img decoding=\"async\" src=\"http:\/\/mediatheques.valenceromansagglo.fr\/userfiles\/image\/zoom\/BandeauRencontresBD2018.jpg\" alt=\"rencontre bd cartoucherie\" align=\"center\">, sera mis \u00e0 lhonneur. Il rencontrera ses lecteurs lors de d\u00e9dicaces, dune master-class, dune visite comment\u00e9e de lexposition sur ladaptation de sa bande dessin\u00e9 en film danimation, apr\u00e8s la projection du film. J\u00e9r\u00e9mie Moreau, auteur valentinois qui a re\u00e7u cette ann\u00e9e le Fauve dor au festival dAngoul\u00eame pour sa bd La Saga de Grimr,  Arthur de Pins au milieu de sa galerie de monstres. Linvit\u00e9 dhonneur de ces Rencontres de la BD 2018 commentera aujourdhui \u00e0 11 heures son \u00e9tonnante expo et d\u00e9dicacera ses albums de 14 \u00e0 17 heures. Alors que la Seine-Saint-Denis fera tr\u00e8s probablement partie des territoires en rouge le 11 mai prochain, le Conseil D\u00e9partemental demande \u00e0 lEtat de permettre de nouveau lacc\u00e8s de la population aux parcs d\u00e9partementaux de la Seine-Saint-Denis. Une pi\u00e8ce d Alain Julien Rudefoucauld mise en sc\u00e8ne : Mathieu B\u00e9guier interpr\u00e9t\u00e9e par Julie Allainmat La Compagnie des PasPerdus Compagnie de th\u00e9\u00e2tre professionnelle consacr\u00e9e aux auteurs vivants etou 2013 : Prix de la SACD Nouveau Talent Animation 3 les Rencontres dans l agglo 04 les concours 05 les cin\u00e9mas 08 le Centre du Patrimoine Arm\u00e9nien Programme de la 4 e \u00e9dition des Rencontres de la BD Valence Romans Sud Rh\u00f4ne-Alpes Direction de la Lecture Publique T\u00e9l : Novembre 2015 Illustration de couverture : J\u00e9r\u00e9mie Moreau le weekend \u00e0 la Cartoucherie 11 programme heure 11 par heure 12 les auteurs 14 les expositions 17 les projections 19 les spectacles 20 rencontres auteurs 22 animations 23 soutiens et partenaires 24 informations pratiques 3 <img decoding=\"async\" src=\"http:\/\/www.mode-shop.fr\/images\/produits\/75\/pull-Lindbergh-17249815-2.jpg\" alt=\"rencontre bd cartoucherie\" align=\"right\"> Illustrations dessin\u00e9es lors de voyages dans la zone et Kiev-2014-15  R\u00e9\u00e9couter Soignants apr\u00e8s la temp\u00eate \u00e9couter 28 min 28 min Dans le cadre de ses 10 ans, le Festival MAP Toulouse prend un nouvel \u00e9lan en sinscrivant dans un axe pluridisciplinaire m\u00ealant photographie, graphe, illustration, vid\u00e9o, live et musique. Lobjectif est dint\u00e9grer la photographie dans la cr\u00e9ation via notamment la mise en place de r\u00e9sidences in\u00e9dites entre artistes de diff\u00e9rentes disciplines. En exclusivit\u00e9, de grands noms ont accept\u00e9 de monter des r\u00e9sidences par bin\u00f4me afin de cr\u00e9er des installations in\u00e9dites sp\u00e9cialement pour MAP :.<\/p>\n","protected":false},"excerpt":{"rendered":"<p>rencontre bd cartoucherie<\/p>\n","protected":false},"author":1,"featured_media":0,"comment_status":"closed","ping_status":"closed","sticky":false,"template":"","format":"standard","meta":{"footnotes":""},"categories":[1],"tags":[],"class_list":["post-13894","post","type-post","status-publish","format-standard","hentry","category-uncategorized"],"_links":{"self":[{"href":"http:\/\/latinexport.us\/blogg\/wp-json\/wp\/v2\/posts\/13894","targetHints":{"allow":["GET"]}}],"collection":[{"href":"http:\/\/latinexport.us\/blogg\/wp-json\/wp\/v2\/posts"}],"about":[{"href":"http:\/\/latinexport.us\/blogg\/wp-json\/wp\/v2\/types\/post"}],"author":[{"embeddable":true,"href":"http:\/\/latinexport.us\/blogg\/wp-json\/wp\/v2\/users\/1"}],"replies":[{"embeddable":true,"href":"http:\/\/latinexport.us\/blogg\/wp-json\/wp\/v2\/comments?post=13894"}],"version-history":[{"count":1,"href":"http:\/\/latinexport.us\/blogg\/wp-json\/wp\/v2\/posts\/13894\/revisions"}],"predecessor-version":[{"id":13895,"href":"http:\/\/latinexport.us\/blogg\/wp-json\/wp\/v2\/posts\/13894\/revisions\/13895"}],"wp:attachment":[{"href":"http:\/\/latinexport.us\/blogg\/wp-json\/wp\/v2\/media?parent=13894"}],"wp:term":[{"taxonomy":"category","embeddable":true,"href":"http:\/\/latinexport.us\/blogg\/wp-json\/wp\/v2\/categories?post=13894"},{"taxonomy":"post_tag","embeddable":true,"href":"http:\/\/latinexport.us\/blogg\/wp-json\/wp\/v2\/tags?post=13894"}],"curies":[{"name":"wp","href":"https:\/\/api.w.org\/{rel}","templated":true}]}}