{"id":13990,"date":"2020-10-18T12:04:50","date_gmt":"2020-10-18T12:04:50","guid":{"rendered":"http:\/\/latinexport.us\/blogg\/?p=13990"},"modified":"2020-10-06T01:58:31","modified_gmt":"2020-10-06T01:58:31","slug":"programme-rencontre-annuelle-des-musulmans-de-france-2010","status":"publish","type":"post","link":"http:\/\/latinexport.us\/blogg\/2020\/10\/18\/programme-rencontre-annuelle-des-musulmans-de-france-2010\/","title":{"rendered":"Programme Rencontre Annuelle Des Musulmans De France 2010"},"content":{"rendered":"<p>Programme phare de lassociation Unis-Cit\u00e9, Les M\u00e9diaterre regroupent 100 jeunes en service civique qui ont relev\u00e9 depuis 2009 un d\u00e9fi majeur : accompagner des familles r\u00e9sidant dans des quartiers populaires pour de v\u00e9ritables changem 29 mars : rencontre avec les associations regroupant les b\u00e9n\u00e9voles et les professionnels intervenant dans les lieux de privation de libert\u00e9 et pr\u00e9sentation du rapport dactivit\u00e9 2016 A la suite de la rencontre sur Innovons ensemble pour des territoires durables, le Comit\u00e9 21, en partenariat avec Campus responsables, organise un rendez-vous sp\u00e9cifique sur Les campus, acteurs de linnovation dans l Les collectivit\u00e9s \u00e0 lhonneur pour cette troisi\u00e8me journ\u00e9e \u00e0 la COP20 rencontre avec des repr\u00e9sentant de lAction des chr\u00e9tiens pour labolition de la torture ACAT Novembre 2014 <img decoding=\"async\" src=\"http:\/\/b.vimeocdn.com\/ts\/186\/514\/186514267_640.jpg\" alt=\"programme rencontre annuelle des musulmans de france 2010\" align=\"right\"> 1 er d\u00e9cembre : participation \u00e0 la r\u00e9union annuelle des pr\u00e9sidents europ\u00e9ens des m\u00e9canismes nationaux de pr\u00e9vention au Conseil de lEurope La 9\u00e8me \u00e9dition du congr\u00e8s fran\u00e7ais de la qualit\u00e9 de lair-Les Respirations dEnghien-les-Bains organis\u00e9e par la ville dEnghien-les-Bains, Aircology et de nombreux partenaires dont le Comit\u00e9 21, aura lieu le 8 novembre \u00e0 Enghien-les-Bains. Espace de conf\u00e9rences de lIRIS-2 bis rue Mercoeur-75011 Paris  Le Comit\u00e9 21 partenaire dune session de conf\u00e9rences-d\u00e9bats sur le Marketing responsable entretien avec la secr\u00e9taire nationale du Syndicat de la magistrature SM 13 novembre : audition par la commission des Lois de lAssembl\u00e9e nationale sur la question de lencellulement individuel Imam depuis 1995, il nous a fait lhonneur pendant quelques ann\u00e9es d\u00eatre notre imam au Havre. Par la suite, ce dernier est parti en r\u00e9gion parisienne et officie actuellement \u00e0 la Grande Mosqu\u00e9e de \u00e0 La Courneuve 93. En tenant compte de son pass\u00e9, ce qui est indispensable pour mieux construire lavenir, cet avenir qui nous est commun et qui est notre seul patrimoine encore intact. Publi\u00e9 le 03 avril 2010 \u00e0 14h02-Mis \u00e0 jour le 06 avril 2010 \u00e0 10h57 Fabienne Darge  <img decoding=\"async\" src=\"http:\/\/www.prabstgardens.cf\/medias\/micheldrucker\/images\/billets\/largeur-470\/Bourges_Palais_dAuron.jpg\" alt=\"programme rencontre annuelle des musulmans de france 2010\" align=\"right\"> 9-11 avril : suivre la Biennale de lHabitat Durable en direct Conf\u00e9rence-d\u00e9bat organis\u00e9e autour de Jean-Pierre CHEVENEMENT \u00e0 loccasion de la parution de son ouvrage La France est-elle finie? Fayard, 2011. Jean-Pierre Chev\u00e8nement est lun des artisans d\u00e9cisifs du Congr\u00e8s dEpinay 1971 qui a refond\u00e9 le Parti socialiste, il est lauteur des programmes de ce parti en 1972 et 1979 et lun des n\u00e9gociateurs du Programme commun de la gauche 1972. Plusieurs fois ministre de 1981 \u00e0 2000 Recherche, Industrie, Education nationale, D\u00e9fense, Int\u00e9rieur, il d\u00e9fend depuis longtemps lid\u00e9e dune autre politique. Pr\u00e9sident dhonneur du MRC, s\u00e9nateur du Territoire de Belfort, il est aussi vice-pr\u00e9sident de la Commission des affaires \u00e9trang\u00e8res, de la d\u00e9fense et des forces arm\u00e9es du S\u00e9nat. Organis\u00e9 par le Mouvement Europ\u00e9en Pas-de-Calais et lUniversit\u00e9 dArtois 7\u00e8me Universit\u00e9 d\u00e9t\u00e9 de la communication pour un d\u00e9veloppement durable : Faire ensemble, le passage \u00e0 la co-construction Cap Com organise la troisi\u00e8me \u00e9dition sur Grenelle 2 : quelles cons\u00e9quences pour la communication locale, le 22 septembre \u00e0 Angers, pour tous les acteurs de la communication publique et territoriale.  <img decoding=\"async\" src=\"http:\/\/www.europe-israel.org\/wp-content\/uploads\/2013\/10\/IMA1.jpg\" alt=\"programme rencontre annuelle des musulmans de france 2010\" align=\"left\">-M. B\u00e9ligh Nabli-http:www.iris-france.orgcv.php?fichiercvcvnomnabli, directeur de recherches \u00e0 lIRIS, ma\u00eetre de conf\u00e9rences en droit public \u00e0 Sciences Po Paris Conf\u00e9rence restreinte organis\u00e9e par Premi\u00e8re Urgence Aide M\u00e9dicale Internationale. Sy exprimeront des repr\u00e9sentants des ONG Premi\u00e8re-urgence Aide m\u00e9dicale internationale ONG menant des projets en Territoire palestinien occup\u00e9, M\u00e9decins du monde ONG m\u00e9dicale menant des projets en Territoire palestinien occup\u00e9, Al-Haq ONG palestinienne de d\u00e9fense des droits de lhomme et BTselem ONG isra\u00e9lienne de d\u00e9fense des droits de lhomme en Territoire palestinien occup\u00e9. Les adresses de pages web et les adresses courriel se transforment en liens automatiquement.<\/p>\n","protected":false},"excerpt":{"rendered":"<p>programme rencontre annuelle des musulmans de france 2010<\/p>\n","protected":false},"author":1,"featured_media":0,"comment_status":"closed","ping_status":"closed","sticky":false,"template":"","format":"standard","meta":{"footnotes":""},"categories":[1],"tags":[],"class_list":["post-13990","post","type-post","status-publish","format-standard","hentry","category-uncategorized"],"_links":{"self":[{"href":"http:\/\/latinexport.us\/blogg\/wp-json\/wp\/v2\/posts\/13990","targetHints":{"allow":["GET"]}}],"collection":[{"href":"http:\/\/latinexport.us\/blogg\/wp-json\/wp\/v2\/posts"}],"about":[{"href":"http:\/\/latinexport.us\/blogg\/wp-json\/wp\/v2\/types\/post"}],"author":[{"embeddable":true,"href":"http:\/\/latinexport.us\/blogg\/wp-json\/wp\/v2\/users\/1"}],"replies":[{"embeddable":true,"href":"http:\/\/latinexport.us\/blogg\/wp-json\/wp\/v2\/comments?post=13990"}],"version-history":[{"count":1,"href":"http:\/\/latinexport.us\/blogg\/wp-json\/wp\/v2\/posts\/13990\/revisions"}],"predecessor-version":[{"id":13991,"href":"http:\/\/latinexport.us\/blogg\/wp-json\/wp\/v2\/posts\/13990\/revisions\/13991"}],"wp:attachment":[{"href":"http:\/\/latinexport.us\/blogg\/wp-json\/wp\/v2\/media?parent=13990"}],"wp:term":[{"taxonomy":"category","embeddable":true,"href":"http:\/\/latinexport.us\/blogg\/wp-json\/wp\/v2\/categories?post=13990"},{"taxonomy":"post_tag","embeddable":true,"href":"http:\/\/latinexport.us\/blogg\/wp-json\/wp\/v2\/tags?post=13990"}],"curies":[{"name":"wp","href":"https:\/\/api.w.org\/{rel}","templated":true}]}}