{"id":13994,"date":"2020-10-18T05:43:20","date_gmt":"2020-10-18T05:43:20","guid":{"rendered":"http:\/\/latinexport.us\/blogg\/?p=13994"},"modified":"2020-10-06T02:13:06","modified_gmt":"2020-10-06T02:13:06","slug":"la-base-de-donnees-office-rencontre-un-probleme","status":"publish","type":"post","link":"http:\/\/latinexport.us\/blogg\/2020\/10\/18\/la-base-de-donnees-office-rencontre-un-probleme\/","title":{"rendered":"La Base De Donn\u00e9es Office Rencontre Un Probl\u00e8me"},"content":{"rendered":"<p>Lapplication de bureau ne prend pas en charge le param\u00e8tre MeetingDate dans le corps du courrier \u00e9lectronique dinvitation. La date et lheure de la r\u00e9union sont trait\u00e9es par le syst\u00e8me de calendrier.  Bonjour, vous navez pas \u00e9voqu\u00e9 lerreur ERR_CONNECTION_REFUSED. En ce qui me concerne, je suis sur Mac et je narrive pas \u00e0 acc\u00e9der \u00e0 mon site. Cela marche sur dautres machines, mobiles ou ordinateurs, connect\u00e9es au m\u00eame r\u00e9seau. Jai contact\u00e9 O2Switch mon h\u00e9bergeur, mais \u00e0 part me dire quil faut me connecter \u00e0 un r\u00e9seau 4G et vider le cache de mon navigateur, ce que jai essay\u00e9 100 fois, rien ne fonctionne Jai v\u00e9rifi\u00e9 les pare-feux, les proxysetc Idem. Est-ce une erreur sp\u00e9cifique que vous connaissez et qui m\u00e9riterait d\u00eatre \u00e9voqu\u00e9e ici? Merci beaucoup pour vos lumi\u00e8res! Jai une question sil vous plait. Jai un planning de r\u00e9servation et mon souci cest que je peux faire une r\u00e9servation \u00e0 une date inf\u00e9rieure \u00e0 la date syst\u00e8me. <img decoding=\"async\" src=\"http:\/\/lilypond.org\/doc\/v2.19\/Documentation\/pictures\/PDFRead.png\" alt=\"la base de donn\u00e9es office rencontre un probl\u00e8me\" align=\"left\"> Plus de 500 tutoriels sur WordPress et WooCommerce.  Alors parfois, quand il doit s\u00e9tendre un peu plus que ce que vous aviez pr\u00e9vu, Excel vous adresse une demande pour savoir sil peut \u00e9craser les cellules pour \u00e9tendre le tableau. Si vous acceptez, vous verrez vos \u00e9l\u00e9ments autour se faire d\u00e9vorer par votre tableau crois\u00e9. Votre travail est donc \u00e0 reprendre pour formater votre rendu comme vous le connaissiez. Uwaga: centrum rozwi\u0105zywania problem\u00f3w pomo\u017ce rozwi\u0105za\u0107 problemy z innymi problemami, takimi jak Internet Explorer i inne Microsoft oprogramowanie, w tym problemy z systemem operacyjnym. <img decoding=\"async\" src=\"http:\/\/img.macg.co\/2016\/2\/macgpic-1455111655-13749093146828-co1-jpt.jpg\" alt=\"la base de donn\u00e9es office rencontre un probl\u00e8me\" align=\"left\"> Confier une partie de son activit\u00e9 au nuage nest d\u00e9cid\u00e9ment pas de tout repos. Il y a quelques jours nous relations les probl\u00e8mes les probl\u00e8mes rencontr\u00e9s par les utilisateurs britanniques et irlandais de Sage pour acc\u00e9der au cloud de lentreprise. Probl\u00e8mes qui sajoutaient \u00e0 une liste d\u00e9j\u00e0 longue dincidents ayant notamment affect\u00e9 Amazon, Google, OVH ou Microsoft, le plus coutumier de ces p\u00e9rip\u00e9ties. La liste vient de senrichir avec Salesforce, qui avait dailleurs d\u00e9j\u00e0 connu des pannes majeures en janvier 2009 et en mai 2016. Les r\u00e9sultats des sondages \u00e0 moins quils ne soient partag\u00e9s avec les invit\u00e9s <img decoding=\"async\" src=\"http:\/\/blog.gete.net\/wp-content\/uploads\/wp-contentuploads2017-Apple_Assistance_Guillaume.png\" alt=\"la base de donn\u00e9es office rencontre un probl\u00e8me\" align=\"right\"> Installation et d\u00e9sinstallation plus rapides de Security Agent Dans ce tutoriel, nous verrons comment utiliser lextension. Celle-ci est d\u00e9velopp\u00e9e par lagence allemande et elle permet de sauvegarder int\u00e9gralement son site WordPress. Op\u00e9ration de sauvegarde b. WordPress vous emp\u00eache de vous connecter \u00e0 votre Tableau de bord Oubliez les recherches fastidieuses de la rubrique Aide : avec loptimisation Microsoft Office 2016, un moteur de recherche remplace le petit trombone dans une fen\u00eatre annon\u00e7ant Dites-nous ce que vous voulez faire. Cette fonctionnalit\u00e9 vous permet dacc\u00e9der directement \u00e0 loutil recherch\u00e9 en limitant le nombre de clic! Un historique de questions pos\u00e9es est conserv\u00e9 afin de vous sugg\u00e9rer r\u00e9guli\u00e8rement vos demandes fr\u00e9quentes.  Messages post\u00e9s 4 Date dinscription jeudi 21 septembre 2017 Statut Membre Derni\u00e8re intervention 1 ao\u00fbt 2019 sont pas affect\u00e9s. Si un organisateur programme des r\u00e9unions avec des mod\u00e8les personnalis\u00e9s et souhaite que le premier invit\u00e9 Vous ne pouvez pas partager des documents Word 2013 64 bits sous Windows 8 64 bits en utilisant la fonctionnalit\u00e9 de partage Suite \u00e0 la fin dabonnement microsoft university donc je b\u00e9n\u00e9ficiais depuis 4 ans, je me suis inscrite sur office 365 il y a qq jours. Le pb : r\u00e9seau tr\u00e8s fluctuant \u00e0 mon domicile donc jai vraiment besoin de passer \u00e0 labonnement A3 avec installation. Impossible de trouver la proc\u00e9dure o\u00f9 que ce soit. Jai pass\u00e9 des heures \u00e0 \u00e9plucher le site microsoft qui ne propose que le A1 classique. Je suis sur lacad\u00e9mie de Versailles. Au secours je craque! Aidez-moi.<\/p>\n","protected":false},"excerpt":{"rendered":"<p>la base de donn\u00e9es office rencontre un probl\u00e8me<\/p>\n","protected":false},"author":1,"featured_media":0,"comment_status":"closed","ping_status":"closed","sticky":false,"template":"","format":"standard","meta":{"footnotes":""},"categories":[1],"tags":[],"class_list":["post-13994","post","type-post","status-publish","format-standard","hentry","category-uncategorized"],"_links":{"self":[{"href":"http:\/\/latinexport.us\/blogg\/wp-json\/wp\/v2\/posts\/13994","targetHints":{"allow":["GET"]}}],"collection":[{"href":"http:\/\/latinexport.us\/blogg\/wp-json\/wp\/v2\/posts"}],"about":[{"href":"http:\/\/latinexport.us\/blogg\/wp-json\/wp\/v2\/types\/post"}],"author":[{"embeddable":true,"href":"http:\/\/latinexport.us\/blogg\/wp-json\/wp\/v2\/users\/1"}],"replies":[{"embeddable":true,"href":"http:\/\/latinexport.us\/blogg\/wp-json\/wp\/v2\/comments?post=13994"}],"version-history":[{"count":1,"href":"http:\/\/latinexport.us\/blogg\/wp-json\/wp\/v2\/posts\/13994\/revisions"}],"predecessor-version":[{"id":13995,"href":"http:\/\/latinexport.us\/blogg\/wp-json\/wp\/v2\/posts\/13994\/revisions\/13995"}],"wp:attachment":[{"href":"http:\/\/latinexport.us\/blogg\/wp-json\/wp\/v2\/media?parent=13994"}],"wp:term":[{"taxonomy":"category","embeddable":true,"href":"http:\/\/latinexport.us\/blogg\/wp-json\/wp\/v2\/categories?post=13994"},{"taxonomy":"post_tag","embeddable":true,"href":"http:\/\/latinexport.us\/blogg\/wp-json\/wp\/v2\/tags?post=13994"}],"curies":[{"name":"wp","href":"https:\/\/api.w.org\/{rel}","templated":true}]}}