{"id":14002,"date":"2020-10-18T06:24:15","date_gmt":"2020-10-18T06:24:15","guid":{"rendered":"http:\/\/latinexport.us\/blogg\/?p=14002"},"modified":"2020-10-06T02:17:30","modified_gmt":"2020-10-06T02:17:30","slug":"rencontre-internationale-programme-action-21","status":"publish","type":"post","link":"http:\/\/latinexport.us\/blogg\/2020\/10\/18\/rencontre-internationale-programme-action-21\/","title":{"rendered":"Rencontre Internationale Programme Action 21"},"content":{"rendered":"<p>17-18 mars : Visite dun Syst\u00e8me agro-forestier SAF syntropique dans la Mata Atl\u00e2ntica, ferme de Ernst Gotsch Br\u00e9sil <img decoding=\"async\" src=\"http:\/\/www.comite21.org\/imgs\/vignettes_actus\/images-comite-21\/2018\/cndp.jpg\" alt=\"rencontre internationale programme action 21\" align=\"left\"> Le r\u00e9seau Construction 21 est constitu\u00e9 dorganisations, rassembl\u00e9es au sein de lassociation internationale Construction21, qui pilotent leur portail Construction21 national et orchestrent les Green Solutions Awards dans leur pays. La Conf\u00e9rence de Copenhague de 2009 sur les changements climatiques, ou COP 15, devait donc \u00eatre laboutissement de 2 ann\u00e9es de n\u00e9gociations internationales intensives. Elle a donn\u00e9 lieu \u00e0 quelques avanc\u00e9es, tous les pays pr\u00e9sents d\u00e9velopp\u00e9s, en d\u00e9veloppement et les moins avanc\u00e9s \u00e9tant notamment tomb\u00e9s daccord pour la premi\u00e8re fois sur la n\u00e9cessit\u00e9 de r\u00e9duire leurs \u00e9missions de gaz \u00e0 effet de serre. De plus, les pays d\u00e9velopp\u00e9s ont accept\u00e9 la cr\u00e9ation du Fonds vert pour le climat, ou Fonds climatique vert de Copenhague qui pr\u00e9voit le transfert de fonds des pays les plus avanc\u00e9s vers les plus vuln\u00e9rables pour endiguer les cons\u00e9quences du changement climatique. 2201 \u00e0 17h Salle 450 Les suivre sur les r\u00e9seaux : Axe 2 : Cadres, pratiques et processus. Lilliad-salle D  g Intensifier les efforts visant \u00e0 promouvoir lacc\u00e8s \u00e0 la Maison de lArch\u00e9ologie et de lEthnologie Ren\u00e9 Ginouv\u00e8s  Une initiative citoyenne unique pour t\u00e9moigner publiquement de la destruction des conditions de vie sur Terre. Le Tribunal propose une alternative syst\u00e9mique \u00e0 la protection environnementale, en reconnaissant aux \u00e9cosyst\u00e8mes leurs droits \u00e0 lexistence et que ces droits puissent \u00eatre revendiqu\u00e9s en Justice. Un panel de personnalit\u00e9s internationalement reconnus statueront sur des cas embl\u00e9matiques de violations environnementales et formuleront des jugements dans une perspective de protection et de restauration de la Terre, en se fondant sur la D\u00e9claration Universelle des Droits de la Terre M\u00e8re. Cette d\u00e9claration d\u00e9finit les devoirs incombant \u00e0 lhumanit\u00e9 afin de respecter lint\u00e9grit\u00e9 des cycles \u00e9cologiques vitaux de la plan\u00e8te et promeut la proposition damendements au Statut de la Cour P\u00e9nale Internationale permettant la reconnaissance du crime d\u00e9cocide. Gestion des d\u00e9chets dangereux, radioactifs ou non. Pr\u00e9sence dinterpellation devant le Minist\u00e8re de la d\u00e9fense. 61 Ateliers Le 2201 \u00e0 16h30-Novotel Je suis artiste-interpr\u00e8te, pourquoi et comment cr\u00e9er mon compte personnel Adami? Axe 1 : Projet en partage, partage sans projet : dimension sociale et territoriale du projet. Lilliad-salle Y 19 novembre : AG d\u00e9partementale du PG de la Dr\u00f4me 26 Mr Abdou Soul\u00e8ye DIOP est Managing Partner de Mazars Audit Conseil, cabinet international 23 mai : D\u00e9jeuner rencontre au S\u00e9nat sur les gaz de schiste 75 6 octobre : Intervention d\u00e9bat avec Jean Hegland et Pablo Servigne \u00e0 15h30, Op\u00e9ra Bastille, Paris 75  A travers le partenariat sign\u00e9 entre CGLU Afrique, Enda Ecopop et lOIDP Afrique lObservatoire Internationale pour la D\u00e9mocratie Participative, la formation de cette premi\u00e8re promotion de facilitateurs avait pour objectif principal la cr\u00e9ation dun r\u00e9seau de facilitateurs de r\u00e9f\u00e9rence en BP Rencontre propos\u00e9e par : lInstitut Fran\u00e7ais 117 Ateliers Le 2301 \u00e0 14h15-Salle E Lactualit\u00e9 sociale : \u00e9volutions l\u00e9gislatives et synth\u00e8se des nouvelles r\u00e9glementations Sens et signification dans l\u00e9valuation \u00e9mancipatrice de projets danimation socioculturelle aupr\u00e8s des jeunes. Lexp\u00e9rience dun centre socioculturel lausannois <img decoding=\"async\" src=\"http:\/\/www.mineaction.org\/sites\/default\/files\/documents\/Logistical_Info.png\" alt=\"rencontre internationale programme action 21\" align=\"left\"> Environ 10 de la population mondiale vit dans des rgions montagneuses tandis quenviron 40 vit dans les bassins des cours deau qui naissent dans les montagnes. Il faut mettre en place des mesures visant protger les cosystmes des montagnes contre lrosion, les glissements de terrain et la disparition rapide de lhabitat, de la faune et de la flore. <img decoding=\"async\" src=\"http:\/\/www.comite21.org\/imgs\/vignettes_actus\/images-infos-21\/2018\/juin-special-odd\/la-bulle.jpg\" alt=\"rencontre internationale programme action 21\" align=\"right\"> Le r\u00e9seau des R\u00e9gies de Quartier et de Territoire sest fortement mobilis\u00e9 pendant la crise. Au plus fort du confinement, ce sont plus de 3 R\u00e9gies sur 4 qui avaient maintenu une activit\u00e9, un lien aux habitants, une r\u00e9ponse \u00e0 de nouveaux besoins n\u00e9s de la crise, une permanence \u00e0 distance.. Presence of DGs from the European Comission and national ministries.<\/p>\n","protected":false},"excerpt":{"rendered":"<p>rencontre internationale programme action 21<\/p>\n","protected":false},"author":1,"featured_media":0,"comment_status":"closed","ping_status":"closed","sticky":false,"template":"","format":"standard","meta":{"footnotes":""},"categories":[1],"tags":[],"class_list":["post-14002","post","type-post","status-publish","format-standard","hentry","category-uncategorized"],"_links":{"self":[{"href":"http:\/\/latinexport.us\/blogg\/wp-json\/wp\/v2\/posts\/14002","targetHints":{"allow":["GET"]}}],"collection":[{"href":"http:\/\/latinexport.us\/blogg\/wp-json\/wp\/v2\/posts"}],"about":[{"href":"http:\/\/latinexport.us\/blogg\/wp-json\/wp\/v2\/types\/post"}],"author":[{"embeddable":true,"href":"http:\/\/latinexport.us\/blogg\/wp-json\/wp\/v2\/users\/1"}],"replies":[{"embeddable":true,"href":"http:\/\/latinexport.us\/blogg\/wp-json\/wp\/v2\/comments?post=14002"}],"version-history":[{"count":1,"href":"http:\/\/latinexport.us\/blogg\/wp-json\/wp\/v2\/posts\/14002\/revisions"}],"predecessor-version":[{"id":14003,"href":"http:\/\/latinexport.us\/blogg\/wp-json\/wp\/v2\/posts\/14002\/revisions\/14003"}],"wp:attachment":[{"href":"http:\/\/latinexport.us\/blogg\/wp-json\/wp\/v2\/media?parent=14002"}],"wp:term":[{"taxonomy":"category","embeddable":true,"href":"http:\/\/latinexport.us\/blogg\/wp-json\/wp\/v2\/categories?post=14002"},{"taxonomy":"post_tag","embeddable":true,"href":"http:\/\/latinexport.us\/blogg\/wp-json\/wp\/v2\/tags?post=14002"}],"curies":[{"name":"wp","href":"https:\/\/api.w.org\/{rel}","templated":true}]}}