{"id":14004,"date":"2020-10-18T01:55:28","date_gmt":"2020-10-18T01:55:28","guid":{"rendered":"http:\/\/latinexport.us\/blogg\/?p=14004"},"modified":"2020-10-06T02:21:44","modified_gmt":"2020-10-06T02:21:44","slug":"rencontres-universites-sevres","status":"publish","type":"post","link":"http:\/\/latinexport.us\/blogg\/2020\/10\/18\/rencontres-universites-sevres\/","title":{"rendered":"Rencontres Universit\u00e9s Sevres"},"content":{"rendered":"<p>Bureau daide \u00e0 linsertion professionnelle BAIP  possible de prolonger par 2 ateliers de pratique inscriptions dans  R\u00e9alisation de pr\u00e9l\u00e8vements foetaux amniocent\u00e8se, biopsie de trophoblaste Recherche universitaire et enseignement du fran\u00e7ais langue \u00e9trang\u00e8re. A propos dune rencontre de 1961-Pers\u00e9e Universit\u00e9 Sorbonne Nouvelle-Paris 3-Les premi\u00e8res Doctoriales du PRES Sorbonne Paris Cit\u00e9 <img decoding=\"async\" src=\"http:\/\/www.hispanistes.org\/images\/M_images\/2017_SHF_APEF_AFUE\/IMG_5057.jpg\" alt=\"rencontres universit\u00e9s sevres\" align=\"center\"> <img decoding=\"async\" src=\"http:\/\/www.sante-urgences.com\/illus\/ecole-de-nutritherapie-dans-les-deux-sevres-ecole-de-nutritherapie-1.jpg\" alt=\"rencontres universit\u00e9s sevres\" align=\"left\"> Universit\u00e9 dhiver BELC CIEP 2019 : ouverture des inscriptions Le 21 septembre, Marylise L\u00e9on a rencontr\u00e9 les agents de la section CFDT du CHNDS Centre Hospitalier Nord Deux S\u00e8vres et a visit\u00e9 le chantier du futur plateau technique. Fran\u00e7ois Azouvi, St\u00e9phane Baciocchi, Jean Dhombres et al, L\u00c9cole normale de lan III : une institution r\u00e9volutionnaire et ses \u00e9l\u00e8ves : introduction historique \u00e0 l\u00e9dition des Le\u00e7ons, Paris, \u00c9d. Rue dUlm, 2016. Bravo au Lyc\u00e9e fran\u00e7ais de Varsovie, en Pologne, pour leur r\u00e9alisation La BD-une sacr\u00e9e id\u00e9e, qui est aujourdh Retweeted by ALTEN La tendance forte observ\u00e9e relativement \u00e0 la dimension comparative de certains travaux am\u00e8ne n\u00e9anmoins \u00e0 sinterroger sur la moindre part accord\u00e9e \u00e0 dautres approches ou dautres objets dans le champ des recherches en didactique de la litt\u00e9rature. Par exemple, les r\u00e9sultats ou les analyses des enqu\u00eates comparatives internationales type PISA ou PIRLS sont assez peu sollicit\u00e9s Bart Daunay, 2016. Les didacticien.ne.s de la litt\u00e9rature, largement ouvert.e.s sur le monde francophone, semblent assez peu enclin.e.s \u00e0 se saisir des probl\u00e9matiques \u00e0 une \u00e9chelle plus large Fraisse, 2012 ou portant sur des espaces non-francophones Witte S\u00e2mih\u0103ian, 2013. De m\u00eame, lors du dernier colloque de lAssociation pour des Recherches Comparatistes en Didactique ARCD, on a fort peu entendu parler denseignementapprentissage de la litt\u00e9rature. On peut aussi constater que les travaux relevant de linterdidactique Biagioli Torterat, 2012 sont quasi-absents de nos rencontres, m\u00eame si la question des relations entre fran\u00e7ais et litt\u00e9rature est souvent pos\u00e9e Dias-Chiarrutini Lebrun, \u00e0 paraitre. Les 17 e Rencontres ont port\u00e9 sur les confrontations, \u00e9changes et articulations entre approches didactiques \u00e0 propos de lenseignement de la litt\u00e9rature en dialogue avec les arts Chabanne, 2019 et les XX e Rencontres ont interrog\u00e9 la perspective de la contribution de la litt\u00e9rature \u00e0 une \u00e9ducation esth\u00e9tique. On peut s\u00e9tonner que reste encore marginale lapproche de la litt\u00e9rature comme pratique artistique, lenseignement de la litt\u00e9rature comme pratique, question centrale dans les autres didactiques des arts ou en \u00e9ducation artistique pour l\u00e9quilibre entre se cultiver, analyser et pratiquer. Pour plus dinformations, la plaquette du SAMSAH est t\u00e9l\u00e9chargeable avec le lien ci-contre. <img decoding=\"async\" src=\"http:\/\/lyc-sevres.ac-versailles.fr\/img\/projet-eee_lpa01.jpg\" alt=\"rencontres universit\u00e9s sevres\" align=\"left\"> Une antenne permanente de l de l est install\u00e9e \u00e0 l\u00e9cole depuis 2007. Les ENS disposent aussi dune antenne permanente \u00e0 l ECNU, lInstitut franco-chinois d\u00e9tudes avanc\u00e9es. Ma\u00eetre de conf\u00e9rences \u00e0 l\u00c9cole nationale sup\u00e9rieure darchitecture de Versailles-Master Jardins historiques, patrimoine, paysage Le Groupe Ornithologique des Deux-S\u00e8vres GODS est le relais de cet \u00e9v\u00e9nement dans le d\u00e9partement pour faire conna\u00eetre les chouettes et hiboux au public. Oltre a partecipare alle campagne nazionali di Legambiente, promuove anche altre iniziative proprie, operando prevalentemente nella provincia di Cagliari e in particolare nel comune di Assemini.  Ecole Franciscaine de Paris Colloque, Paris, 25-26 octobre 2019 1219, St Fran\u00e7ois et le Sultan Dans la continuit\u00e9 des mois pr\u00e9c\u00e9dents, lenseigne Agence Principale continue son d\u00e9veloppement et est heureuse daccueillir un nouveau franchis\u00e9 en ce d\u00e9but dann\u00e9e 2020. Zoom sur lUniversit\u00e9 Num\u00e9rique Juridique Francophone du 16 au 20 mars 2020, FORMATION Filmer avec un appareil photo num\u00e9rique La Galerne pr\u00e9sente dans ce dossier les diff\u00e9rents livres r\u00e9f\u00e9renc\u00e9s sur le parcours.<\/p>\n","protected":false},"excerpt":{"rendered":"<p>rencontres universit\u00e9s sevres<\/p>\n","protected":false},"author":1,"featured_media":0,"comment_status":"closed","ping_status":"closed","sticky":false,"template":"","format":"standard","meta":{"footnotes":""},"categories":[1],"tags":[],"class_list":["post-14004","post","type-post","status-publish","format-standard","hentry","category-uncategorized"],"_links":{"self":[{"href":"http:\/\/latinexport.us\/blogg\/wp-json\/wp\/v2\/posts\/14004","targetHints":{"allow":["GET"]}}],"collection":[{"href":"http:\/\/latinexport.us\/blogg\/wp-json\/wp\/v2\/posts"}],"about":[{"href":"http:\/\/latinexport.us\/blogg\/wp-json\/wp\/v2\/types\/post"}],"author":[{"embeddable":true,"href":"http:\/\/latinexport.us\/blogg\/wp-json\/wp\/v2\/users\/1"}],"replies":[{"embeddable":true,"href":"http:\/\/latinexport.us\/blogg\/wp-json\/wp\/v2\/comments?post=14004"}],"version-history":[{"count":1,"href":"http:\/\/latinexport.us\/blogg\/wp-json\/wp\/v2\/posts\/14004\/revisions"}],"predecessor-version":[{"id":14005,"href":"http:\/\/latinexport.us\/blogg\/wp-json\/wp\/v2\/posts\/14004\/revisions\/14005"}],"wp:attachment":[{"href":"http:\/\/latinexport.us\/blogg\/wp-json\/wp\/v2\/media?parent=14004"}],"wp:term":[{"taxonomy":"category","embeddable":true,"href":"http:\/\/latinexport.us\/blogg\/wp-json\/wp\/v2\/categories?post=14004"},{"taxonomy":"post_tag","embeddable":true,"href":"http:\/\/latinexport.us\/blogg\/wp-json\/wp\/v2\/tags?post=14004"}],"curies":[{"name":"wp","href":"https:\/\/api.w.org\/{rel}","templated":true}]}}