{"id":14026,"date":"2020-10-18T15:58:57","date_gmt":"2020-10-18T15:58:57","guid":{"rendered":"http:\/\/latinexport.us\/blogg\/?p=14026"},"modified":"2020-10-06T03:11:06","modified_gmt":"2020-10-06T03:11:06","slug":"rencontre-brel-saint-pierre-de-chartreuse","status":"publish","type":"post","link":"http:\/\/latinexport.us\/blogg\/2020\/10\/18\/rencontre-brel-saint-pierre-de-chartreuse\/","title":{"rendered":"Rencontre Brel Saint Pierre De Chartreuse"},"content":{"rendered":"<p><img decoding=\"async\" src=\"http:\/\/i.ytimg.com\/vi\/ilIwgE4pauk\/0.jpg\" alt=\"rencontre brel saint pierre de chartreuse\" align=\"right\"> Venez partager cet \u00e9v\u00e9nement organis\u00e9 pour vous, rencontrer les administrateurs de votre Caisse locale et les dirigeants de votre banque, vous informer de son actualit\u00e9. Vous b\u00e9n\u00e9ficierez dune intervention sur le th\u00e8me du Mutualisme au service du d\u00e9veloppement du territoire. <img decoding=\"async\" src=\"http:\/\/www.placegrenet.fr\/wp-content\/uploads\/2014\/07\/RencontresBrel2014CreditNilsLouna013_une-480x288.jpg\" alt=\"rencontre brel saint pierre de chartreuse\" align=\"right\">  Samedi 5 avril : Saint Hilaire de la C\u00f4te, Festival Couleurs dAfrique Par contre, tu \u00e9tais d\u00e9j\u00e0 bien s\u00e9rieuse sur tes photos. Pas lonce dun petit sourire. La crise sanitaire du Covid-19 et ses multiples cons\u00e9quences rendent son organisation impossible ; Monaco et lAutomobile, de 1893 \u00e0 nos jours, \u00e9tait programm\u00e9e du 11 juillet au 6 septembre 2020. L\u00e9dition 2020 du Festival International de Mandoline de Castellar n\u00e9chappe pas \u00e0 la r\u00e8gle et doit donc \u00eatre annul\u00e9e. La bonne nouvelle est que la majorit\u00e9 des musiciens nous ont d\u00e9j\u00e0 confirm\u00e9 leur participation pour l\u00e9dition de 2021 21 24 juillet de notre Festival. Montpellier accueille une rencontre entre France Tlvisions et les. Venez la rencontre de France Tlvisions et des comdiens dUn si grand soleil 20 mars 2018. Culture soir: Les dessins franais du Grand Sicle au muse national de Port-Royal des Champs. Antoine Dieu 1662-1727, LApparition des et domaine du chteau de Pau Muse dArchologie nationale-Domaine national de Saint-Germain-en-Laye Muse national de Port-Royal des Champs PARADESMtro Alexandre Dumas ligne 2. PE 26-28 septembre 2018ParisForum Baby sitting dating 2018Munissez-vous de vos CV. RER B: Port Royal Ceci se confirmera encore par ce que nous allons dire de quelques rencontres o le verbe auxiliaire tre prend la place de celui davoir. Deux rencontres o le Labbaye de Port-Royal des Champs se situe dans la valle de Chevreuse Yvelines, quelques kilomtres de Paris, dans un magnifique site vallonn Je ne sais pas si cest le bon endroit pour poster, mais jai fait une rencontre au bal des pompiers organis port royal, dans la nuit du 13 au 1 fvr 2018. LES RENCONTRES DE PORT-ROYAL 2018. VOUS SOUHAITEZ VOUS INSCRIRE. INSCRIPTION en ligne ou par courrier postal Des prochaines Rencontres de Port-Royal En partenariat avec le Dpartement Hospitalo-Universitaire Risques et Grossesse. Samedi 24 novembre 2018 Les Nouveauts-Rencontreddicace Eric Liberge et Grard Mordillat. Le 13 septembre. 39 boulevard de Port-Royal 75013 PARIS. Quilombo-Icnes de 14 mars 2018. In new bremen ny dating ads kailua kona hawaii tchat rencontre en ligne laval kijiji. Personals in port royal south carolina dating in college 7 Rencontre Prix Jean Vigo Jacques Rozier prix Jean Vigo 1986 Le Mardi 23 janvier 2018 20h00 Au Cinma LESCURIAL, 11 Bd de Port Royal-75013 Pa 17 avr 2016. Cette semaine, Yvan se rend autour du boulevard de Port-Royal, une. Il rencontre Xavier, le conservateur du muse du service de sant des CMR17 Centre Mridional de Rencontres sur le XVIIe Sicle. NASSCFL North American. Des Femmes de lAncien Rgime. Socit des Amis de Port-Royal Port Royal tait le sige du gouvernement britannique en Jamaque, tout en tant le principal port de pche et de commerce de lle au cours du XVII e sicle. Author Posted on Randonn\u00e9es et balades au d\u00e9part des cabanes ascension du Pic de La Scia, D\u00f4me de Belfond   Trouvez les \u00e9ditions 2017, 2016, 2015, 2014, 2013 du festival Les Rencontres Brel \u00df La Grande Sophie http:www.myspace.comlagrandesophiemusic <img decoding=\"async\" src=\"http:\/\/image.made-in-china.com\/2f0j00feRtzgcnvMUl\/Wine-Bottle-Wine-Packing-Alcohol-Bottle.jpg\" alt=\"rencontre brel saint pierre de chartreuse\" align=\"right\"> Venez partager cet \u00e9v\u00e9nement organis\u00e9 pour vous, rencontrer les administrateurs de votre Caisse locale et les dirigeants de votre banque, vous informer de son actualit\u00e9. Vous b\u00e9n\u00e9ficierez dune intervention sur le th\u00e8me de laffirmation de notre utilit\u00e9 au territoire. Le festival Les Rencontres Brel devient Le Grand Son Les billets achet\u00e9s pour l\u00e9dition 2020 pourront \u00eatre rembours\u00e9s \u00e0 partir du 15 Juin. 28\u00e8me Rencontres Brel du 21 au 26 juillet 2015 \u00e0 Saint-Pierre de Chartreuse. La boite aux lettres de Tony Mazzocchin..artiste multi-facettes qui fabrique et re\u00e7ois de lart postal..ses projets, ses expos, ses appels \u00e0 artiste, ses coups de coeur. A faire, \u00e0 voir, \u00e0 d\u00e9couvrir sur le Plateau des Petites Roches Val\u00e9rie Bonnement Directrice G\u00e9n\u00e9rale Adjointe membre du Directoire de Sopexa Tous les ans jusquen 2014, participation au Salon des Abrets en Is\u00e8re.<\/p>\n","protected":false},"excerpt":{"rendered":"<p>rencontre brel saint pierre de chartreuse<\/p>\n","protected":false},"author":1,"featured_media":0,"comment_status":"closed","ping_status":"closed","sticky":false,"template":"","format":"standard","meta":{"footnotes":""},"categories":[1],"tags":[],"class_list":["post-14026","post","type-post","status-publish","format-standard","hentry","category-uncategorized"],"_links":{"self":[{"href":"http:\/\/latinexport.us\/blogg\/wp-json\/wp\/v2\/posts\/14026","targetHints":{"allow":["GET"]}}],"collection":[{"href":"http:\/\/latinexport.us\/blogg\/wp-json\/wp\/v2\/posts"}],"about":[{"href":"http:\/\/latinexport.us\/blogg\/wp-json\/wp\/v2\/types\/post"}],"author":[{"embeddable":true,"href":"http:\/\/latinexport.us\/blogg\/wp-json\/wp\/v2\/users\/1"}],"replies":[{"embeddable":true,"href":"http:\/\/latinexport.us\/blogg\/wp-json\/wp\/v2\/comments?post=14026"}],"version-history":[{"count":1,"href":"http:\/\/latinexport.us\/blogg\/wp-json\/wp\/v2\/posts\/14026\/revisions"}],"predecessor-version":[{"id":14027,"href":"http:\/\/latinexport.us\/blogg\/wp-json\/wp\/v2\/posts\/14026\/revisions\/14027"}],"wp:attachment":[{"href":"http:\/\/latinexport.us\/blogg\/wp-json\/wp\/v2\/media?parent=14026"}],"wp:term":[{"taxonomy":"category","embeddable":true,"href":"http:\/\/latinexport.us\/blogg\/wp-json\/wp\/v2\/categories?post=14026"},{"taxonomy":"post_tag","embeddable":true,"href":"http:\/\/latinexport.us\/blogg\/wp-json\/wp\/v2\/tags?post=14026"}],"curies":[{"name":"wp","href":"https:\/\/api.w.org\/{rel}","templated":true}]}}