{"id":14138,"date":"2020-10-18T08:00:41","date_gmt":"2020-10-18T08:00:41","guid":{"rendered":"http:\/\/latinexport.us\/blogg\/?p=14138"},"modified":"2020-10-06T06:40:23","modified_gmt":"2020-10-06T06:40:23","slug":"ecully-maison-de-la-rencontre","status":"publish","type":"post","link":"http:\/\/latinexport.us\/blogg\/2020\/10\/18\/ecully-maison-de-la-rencontre\/","title":{"rendered":"Ecully Maison De La Rencontre"},"content":{"rendered":"<p>  ouvert du lundi au vendredi de 9h \u00e0 19h, le samedi de 9h \u00e0 12h du groupe des douze peintures-sculptures \u00e0 lEspace Berthelot <img decoding=\"async\" src=\"http:\/\/online.fliphtml5.com\/bcuw\/sirg\/files\/large\/2.jpg\" alt=\"ecully maison de la rencontre\" align=\"center\"> Ecully-Quartier r\u00e9sidentiel au calme absolu, beaux volumes pour cette maison familiale de 350 m2 habitables environ sur terrain plat et arbor\u00e9 de 1500 m2 avec piscine au sel. Le rez-de-chauss\u00e9e se compose dune entr\u00e9e avec placards desservant un espace central ouvrant sur cour, un salon de 42 m2 avec chemin\u00e9e, u.. R\u00e9f : 2020254 Cet avis est lopinion subjective dun membre de TripAdvisor et non de TripAdvisor LLC.  <img decoding=\"async\" src=\"http:\/\/opalebd.com\/assets\/img\/affiches\/festivals\/0341\/001_2004_gf.jpg\" alt=\"ecully maison de la rencontre\" align=\"center\"> Toute lactualit\u00e9 des sorties et nos promotions directement dans votre bo\u00eete mail! 4. Param\u00e8tres, d\u00e9placez le curseur vers le haut pour bloquer tous les cookies ou vers le bas pour autoriser tous les cookies, puis cliquez sur OK.-Le Temple des Baraques, St Apollinaire de Rias 07 CUISINE Une division au sein de la droite \u00e9culloise qui ne sarr\u00eate pas l\u00e0. Eric Poncet, le conseiller g\u00e9n\u00e9ral UMP du canton dEcully, qui \u00e9tait \u00e9galement adjoint durant le premier mandat dYves-Marie Uhlrich, a d\u00e9cid\u00e9 de se joindre aux tractations.-Secours Populaire et Secours Catholique, Caluire vous trouverez ici les principales adresses de vos diff\u00e9rents rendez-vous sur la commune. Ouvert les mardis et jeudis et vendredis de 13h \u00e0 19h, les mercredis de 10h \u00e0 13h et de 14h \u00e0 19h, samedis de 10h \u00e0 18h CCVA-Centre Culturel et de la Vie Associative de Villleurbanne Le 1 er janvier 2012, la nuit de la Saint-Sylvestre, Wissam El Yamni est interpell\u00e9 par des policiers clermontois. La violence de larrestation le plonge dans le coma ; il succombera \u00e0 ses blessures 9 jours apr\u00e8s. Dernier rebondissement en date, laudience pour qui devait originellement avoir lieu le mardi 24 mars avait \u00e9t\u00e9 report\u00e9e en raison du COVID 19. Nous venons dapprendre quelle aura lieu finalement le mardi 9 Juin \u00e0 9h00 devant la chambre dinstruction de Riom. En cons\u00e9quence, le comit\u00e9 de soutien appel \u00e0 un rassemblement d\u00e8s 9h00 devant le tribunal Publi\u00e9 le 8 juin Chef RD au Centre de Recherche Institut Paul Bocuse D\u00e9ch\u00e8terie Avenue Louis Pradel \u00e0 St Genis-les-Olli\u00e8res 04 78 57 16 59 : Maison de la Rencontre 21 avenue Edouard Aynard 69130 ECULLY <img decoding=\"async\" src=\"http:\/\/www.merchworldy.cf\/img\/GoD.png\" alt=\"ecully maison de la rencontre\" align=\"center\">.<\/p>\n","protected":false},"excerpt":{"rendered":"<p>ecully maison de la rencontre<\/p>\n","protected":false},"author":1,"featured_media":0,"comment_status":"closed","ping_status":"closed","sticky":false,"template":"","format":"standard","meta":{"footnotes":""},"categories":[1],"tags":[],"class_list":["post-14138","post","type-post","status-publish","format-standard","hentry","category-uncategorized"],"_links":{"self":[{"href":"http:\/\/latinexport.us\/blogg\/wp-json\/wp\/v2\/posts\/14138","targetHints":{"allow":["GET"]}}],"collection":[{"href":"http:\/\/latinexport.us\/blogg\/wp-json\/wp\/v2\/posts"}],"about":[{"href":"http:\/\/latinexport.us\/blogg\/wp-json\/wp\/v2\/types\/post"}],"author":[{"embeddable":true,"href":"http:\/\/latinexport.us\/blogg\/wp-json\/wp\/v2\/users\/1"}],"replies":[{"embeddable":true,"href":"http:\/\/latinexport.us\/blogg\/wp-json\/wp\/v2\/comments?post=14138"}],"version-history":[{"count":1,"href":"http:\/\/latinexport.us\/blogg\/wp-json\/wp\/v2\/posts\/14138\/revisions"}],"predecessor-version":[{"id":14139,"href":"http:\/\/latinexport.us\/blogg\/wp-json\/wp\/v2\/posts\/14138\/revisions\/14139"}],"wp:attachment":[{"href":"http:\/\/latinexport.us\/blogg\/wp-json\/wp\/v2\/media?parent=14138"}],"wp:term":[{"taxonomy":"category","embeddable":true,"href":"http:\/\/latinexport.us\/blogg\/wp-json\/wp\/v2\/categories?post=14138"},{"taxonomy":"post_tag","embeddable":true,"href":"http:\/\/latinexport.us\/blogg\/wp-json\/wp\/v2\/tags?post=14138"}],"curies":[{"name":"wp","href":"https:\/\/api.w.org\/{rel}","templated":true}]}}