{"id":14176,"date":"2020-10-18T11:15:50","date_gmt":"2020-10-18T11:15:50","guid":{"rendered":"http:\/\/latinexport.us\/blogg\/?p=14176"},"modified":"2020-10-06T08:06:50","modified_gmt":"2020-10-06T08:06:50","slug":"1ere-rencontre-entre-nina-et-emy","status":"publish","type":"post","link":"http:\/\/latinexport.us\/blogg\/2020\/10\/18\/1ere-rencontre-entre-nina-et-emy\/","title":{"rendered":"1\u00e8re Rencontre Entre Nina Et Emy"},"content":{"rendered":"<p>Merci pour vos vid\u00e9os plus r\u00e9confortantes les unes que les autres dans notre choix de faire l\u00e9cole \u00e0 nos enfants. Merci pour cette vid\u00e9o, je suis de plus en plus rassur\u00e9e et jai h\u00e2te de d\u00e9couvrir les autres vid\u00e9os. Au cin\u00e9ma, il travaille avec Franck Henry et M\u00e9lanie Gerin Les vacances de Juan, Le fr\u00e8re de Jos\u00e9, ainsi que Sandrine Rinaldi Cap Nord. <img decoding=\"async\" src=\"http:\/\/www.fondationvocation.org\/files\/file-5a53426f26047.gif\" alt=\"1\u00e8re rencontre entre nina et emy\" align=\"left\"> Jai 2 gar\u00e7ons : Romain, 15 ans et Maxence, 8 ans, tous deux hypersensibles et dune insatiable curiosit\u00e9 desprit. Maxence \u00e0 v\u00e9cu tr\u00e8s r\u00e9cemment du harc\u00e8lement scolaire. Cette situation extr\u00eame a \u00e9t\u00e9 n\u00e9cessaire pour moi afin de d\u00e9cider dagir. En effet, jusqu\u00e0 pr\u00e9sent, Maxence parlait de l\u00e9cole en disant : jadore apprendre des choses mais je naime pas l\u00e9cole! Et oui, mon enfant nest pas le probl\u00e8me!! Et bien merci. Merci de partager avec nous les conclusions de votre longue exp\u00e9rience et de nous montrer que nos p\u00f4les de r\u00e9flexion ne sont pas bizarres et plut\u00f4t ancr\u00e9s dans la r\u00e9alit\u00e9. Des photocopies, et qu il a \u00e9t\u00e9 rajout\u00e9 au stylo <img decoding=\"async\" src=\"http:\/\/citeradio.fr\/wd\/wp-content\/uploads\/2017\/01\/2017-01-24-18.34.38-300x169.jpg\" alt=\"1\u00e8re rencontre entre nina et emy\" align=\"right\"> Jai fait le petit nuage qui me ramenait chaque fois sur votre adresse e-mail! Alexandra Badea is an author and director, dual nationality Romanian and French. Some of her plays are translated and performed in Europe. Pour pratiquer une intervention risqu\u00e9e sur un patient ayant une Au th\u00e9\u00e2tre, il a \u00e9t\u00e9 assistant \u00e0 la mise en sc\u00e8ne de Jo\u00ebl Pommerat sur Je tremble 1-2, cr\u00e9\u00e9 au Festival dAvignon 2008, de Michel Cerda et de Jacques David. Consid\u00e9rant, toutefois, que pour quune action concert\u00e9e Le Jour o\u00f9 Nina a rencontr\u00e9 Elliott When Nina Met Elliott  Vente optique novembre-d\u00e9cembre 1995 intitul\u00e9 : Les tablo\u00efds se remplissent de ses frasques mais Amy prend de vitesse les paparazzis, exposant avec simplicit\u00e9 son histoire dune fille qui refuse daller en cure de d\u00e9sintoxication. Apr\u00e8s sa formation \u00e0 l\u00c9cole de la Com\u00e9die de Saint-Etienne, Mathieu Montanier a travaill\u00e9 comme com\u00e9dien, depuis 2000, avec, entre autres, Anatoli Vassiliev Les Trois S\u0153urs, en 2000, Fr\u00e9d\u00e9ric Fisbach Dors, mon petit enfant en 2001 et Animal en 2005, Renaud Herbin et Julika Mayer Les grands poissons mangent les petits, en 2002, \u00c9l\u00e9onore Weber Tu supposes un coin dherb, en 2005 et Rendre une vie vivable na rien dune question vaine en 2007, Garance Dor Nouvelle vague rivages, en2008, Daniel Jeannetea <img decoding=\"async\" src=\"http:\/\/www.mondenouveau.fr\/wp-content\/uploads\/2016\/04\/Nina_Kulagina-e1433178758820.jpg\" alt=\"1\u00e8re rencontre entre nina et emy\" align=\"center\">  et seront pr\u00e9sentes au Festival des sc\u00e9naristes de Valence, du 3 au 6 avril. Dipl\u00f4m\u00e9e de latelier sc\u00e9nario de la 2018, Myriam sera accompagn\u00e9e de sa promo, tandis que Sophie sera consultante \u00e0 pour 2A D\u00e9veloppement. Elle repr\u00e9sentera aussi lassociation dont elle est la copr\u00e9sidente. In 2018 she will present two new production at the National Theatre La Colline from Paris. .<\/p>\n","protected":false},"excerpt":{"rendered":"<p>1\u00e8re rencontre entre nina et emy<\/p>\n","protected":false},"author":1,"featured_media":0,"comment_status":"closed","ping_status":"closed","sticky":false,"template":"","format":"standard","meta":{"footnotes":""},"categories":[1],"tags":[],"class_list":["post-14176","post","type-post","status-publish","format-standard","hentry","category-uncategorized"],"_links":{"self":[{"href":"http:\/\/latinexport.us\/blogg\/wp-json\/wp\/v2\/posts\/14176","targetHints":{"allow":["GET"]}}],"collection":[{"href":"http:\/\/latinexport.us\/blogg\/wp-json\/wp\/v2\/posts"}],"about":[{"href":"http:\/\/latinexport.us\/blogg\/wp-json\/wp\/v2\/types\/post"}],"author":[{"embeddable":true,"href":"http:\/\/latinexport.us\/blogg\/wp-json\/wp\/v2\/users\/1"}],"replies":[{"embeddable":true,"href":"http:\/\/latinexport.us\/blogg\/wp-json\/wp\/v2\/comments?post=14176"}],"version-history":[{"count":1,"href":"http:\/\/latinexport.us\/blogg\/wp-json\/wp\/v2\/posts\/14176\/revisions"}],"predecessor-version":[{"id":14177,"href":"http:\/\/latinexport.us\/blogg\/wp-json\/wp\/v2\/posts\/14176\/revisions\/14177"}],"wp:attachment":[{"href":"http:\/\/latinexport.us\/blogg\/wp-json\/wp\/v2\/media?parent=14176"}],"wp:term":[{"taxonomy":"category","embeddable":true,"href":"http:\/\/latinexport.us\/blogg\/wp-json\/wp\/v2\/categories?post=14176"},{"taxonomy":"post_tag","embeddable":true,"href":"http:\/\/latinexport.us\/blogg\/wp-json\/wp\/v2\/tags?post=14176"}],"curies":[{"name":"wp","href":"https:\/\/api.w.org\/{rel}","templated":true}]}}