{"id":14190,"date":"2020-10-18T01:56:09","date_gmt":"2020-10-18T01:56:09","guid":{"rendered":"http:\/\/latinexport.us\/blogg\/?p=14190"},"modified":"2020-10-06T08:36:07","modified_gmt":"2020-10-06T08:36:07","slug":"rencontres-solidaires-roanne","status":"publish","type":"post","link":"http:\/\/latinexport.us\/blogg\/2020\/10\/18\/rencontres-solidaires-roanne\/","title":{"rendered":"Rencontres Solidaires Roanne"},"content":{"rendered":"<p>2013 : La participation des publics : pratiques et conceptions, Paris 1. Une anticipation de la fin des fossiles faciles \u00e0 lapproche des pics Roannaise depuis 2007, je souhaite recenser les diverses initiatives de notre territoire que je rencontre, DACHEUX, \u00c9ric 2007, \u00c9conomie solidaire, une solution \u00e0 la crise des d\u00e9mocraties europ\u00e9ennes? in Ecosol Review, N1, Luxembourg. Sainte-Luce-sur-Loire est une commune li\u00e9e \u00e0 la tradition des mara\u00eechers et p\u00eacheurs de Loire. Situ\u00e9e au nord-ouest de Nantes, son d\u00e9veloppement sest fait dOuest en Est, le long de son axe central.  MOREL JOURNEL C, 2011-Lexpression ville durable est-elle appel\u00e9e \u00e0 durer? In : V. B\u00e9al, G. Pinson, M. Gauthier, Le d\u00e9veloppement durable changera-t-il la ville? PUSE, collection Dynamiques m\u00e9tropolitaines, 409-413 Participation \u00e0 des comit\u00e9s scientifiques de colloques internationaux La BD : un moyen de lutter contre les st\u00e9r\u00e9otypes racistes, Colloque BD et engagement, Bruxelles, octobre 2013.   Note critique sans titre sur La d\u00e9mocratie durable : lutopie au quotidien de J. Cottave et C. Neuschwander, Herm\u00e8s, N44, 2006. Dans le cadre du d\u00e9confinement et du maintien du dispositif de lutte contre le Coronavirus, votre MSA vous invite \u00e0 continuer \u00e0 \u00e9viter les d\u00e9placements. Laccueil reprend progressivement et uniquement sur rendez-vous. Il vous sera propos\u00e9 en priorit\u00e9 un rendez-vous t\u00e9l\u00e9phonique. Si n\u00e9cessaire, un rendez-vous en point daccueil pourra vous \u00eatre propos\u00e9 dans le respect des r\u00e8gles dhygi\u00e8ne et de distanciation sociale. Pour nous contacter, laissez un message au 0475756868 ou utilisez le service en ligne demande de rendez-vous de votre espace priv\u00e9. <img decoding=\"async\" src=\"http:\/\/www.dial42.fr\/photo\/77120\/77120_300.jpg\" alt=\"rencontres solidaires roanne\" align=\"right\"> 12 juin R\u00e9ouverture de la Chartreuse de Sainte-Croix-en-Jarez Des objets de rencontre, interview\u00e9e par Isabelle IMBERT-PERET Kahled Zouari, Docteur en sciences de linformation et de la communication, IUT de RoanneUniversit\u00e9 de St Etienne. <img decoding=\"async\" src=\"http:\/\/2.bp.blogspot.com\/-u2EB8KqgaRY\/UK-_39VrksI\/AAAAAAAAA_M\/dvDNg7mvg-A\/s1600\/Flyer+ESS+29+novembre_01.png\" alt=\"rencontres solidaires roanne\" align=\"left\"> Septembre 2012 : Deux visions de linnovation sociale, Moulin, IUT Ces \u00e9v\u00e8nements techniques et op\u00e9rationnels sont loccasion de r\u00e9unir les chefs de projets Action Coeur de ville et Centres-bourgs afin quils puissent \u00e9changer et partager autour de retours dexp\u00e9riences locaux. <img decoding=\"async\" src=\"http:\/\/maligue2.fr\/wp-content\/uploads\/2015\/12\/Lens3.jpg\" alt=\"rencontres solidaires roanne\" align=\"center\"> Laffirmation de politiques publiques d\u00e9conomie sociale et solidaire a constitu\u00e9 ces derni\u00e8res ann\u00e9es une voie privil\u00e9gi\u00e9e de reconnaissance des sp\u00e9cificit\u00e9s dun entreprendre autrement sur les territoires. Pourtant, pris entre marginalit\u00e9 institutionnelle et utopie de transformation, les \u00e9lus et entrepreneurs de lESS ont-ils les ressources politiques et les r\u00e9seaux sociaux suffisants pour ne pas rabattre le projet de l\u00e9conomie sociale et solidaire \u00e0 lunique reconnaissance des entreprises sociales sur le march\u00e9? Les \u00e9cueils de la banalisation institutionnelle ne manquent pas. R\u00e9centes et fragiles, les politiques d\u00e9conomie sociale et solidaire sont dautant plus sensibles aux alliances partisanes et aux \u00e9ch\u00e9ances \u00e9lectorales que le profil militant des \u00e9lus ne facilite pas toujours un ancrage politique durable. Dans quelle mesure le gain institutionnel dune plus grande visibilit\u00e9 des initiatives et des entrepreneurs de lESS \u00e0 travers des dispositifs sp\u00e9cifiques de soutien et de financement ne risque-t-il pas de se payer dun renoncement politique \u00e0 \u00eatre un levier pour une r\u00e9gulation dune \u00e9conomie plurielle \u00e0 m\u00eame de r\u00e9sister au processus de marchandisation et dinfl\u00e9chir le sens du d\u00e9veloppement local? Jusquo\u00f9 le soutien et le dynamisme des r\u00e9seaux de lESS, de leur strat\u00e9gie dalliance avec les partenaires sociaux et autres mouvements contestataires \u00e0 diff\u00e9rentes \u00e9chelles de gouvernance, de leur capacit\u00e9 de mobilisation citoyenne sont-ils \u00e0 m\u00eame de maintenir et de concr\u00e9tiser la pr\u00e9tention de lESS \u00e0 combiner un mod\u00e8le \u00e9conomique sp\u00e9cifique \u00e0 une volont\u00e9 de transformation sociale? D De linnovation \u00e0 la reproduction, du local \u00e0 linternational comment ma\u00eetriser les changements d\u00e9chelle survenus dans le champ de lESS? retrouvaient au Scarab\u00e9e de Roanne pour \u00e9couter le groupe en Vendeur tr\u00e8s agr\u00e9able,tr\u00e8s commercant et nous retournons chez lui \u00e0 loccasion.<\/p>\n","protected":false},"excerpt":{"rendered":"<p>rencontres solidaires roanne<\/p>\n","protected":false},"author":1,"featured_media":0,"comment_status":"closed","ping_status":"closed","sticky":false,"template":"","format":"standard","meta":{"footnotes":""},"categories":[1],"tags":[],"class_list":["post-14190","post","type-post","status-publish","format-standard","hentry","category-uncategorized"],"_links":{"self":[{"href":"http:\/\/latinexport.us\/blogg\/wp-json\/wp\/v2\/posts\/14190","targetHints":{"allow":["GET"]}}],"collection":[{"href":"http:\/\/latinexport.us\/blogg\/wp-json\/wp\/v2\/posts"}],"about":[{"href":"http:\/\/latinexport.us\/blogg\/wp-json\/wp\/v2\/types\/post"}],"author":[{"embeddable":true,"href":"http:\/\/latinexport.us\/blogg\/wp-json\/wp\/v2\/users\/1"}],"replies":[{"embeddable":true,"href":"http:\/\/latinexport.us\/blogg\/wp-json\/wp\/v2\/comments?post=14190"}],"version-history":[{"count":1,"href":"http:\/\/latinexport.us\/blogg\/wp-json\/wp\/v2\/posts\/14190\/revisions"}],"predecessor-version":[{"id":14191,"href":"http:\/\/latinexport.us\/blogg\/wp-json\/wp\/v2\/posts\/14190\/revisions\/14191"}],"wp:attachment":[{"href":"http:\/\/latinexport.us\/blogg\/wp-json\/wp\/v2\/media?parent=14190"}],"wp:term":[{"taxonomy":"category","embeddable":true,"href":"http:\/\/latinexport.us\/blogg\/wp-json\/wp\/v2\/categories?post=14190"},{"taxonomy":"post_tag","embeddable":true,"href":"http:\/\/latinexport.us\/blogg\/wp-json\/wp\/v2\/tags?post=14190"}],"curies":[{"name":"wp","href":"https:\/\/api.w.org\/{rel}","templated":true}]}}