{"id":14332,"date":"2020-10-18T11:21:15","date_gmt":"2020-10-18T11:21:15","guid":{"rendered":"http:\/\/latinexport.us\/blogg\/?p=14332"},"modified":"2020-10-06T12:46:27","modified_gmt":"2020-10-06T12:46:27","slug":"rencontres-rer-c","status":"publish","type":"post","link":"http:\/\/latinexport.us\/blogg\/2020\/10\/18\/rencontres-rer-c\/","title":{"rendered":"Rencontres Rer C"},"content":{"rendered":"<p>Vous navez plus besoin dattestation pour sortir de chez vous \u00e0 moins de 100km de votre domicile, sauf lorsque vous prenez les. Mais saviez-vous que vous deviez avoir votre justificatif de domicile sur vous m\u00eame si vous ne d\u00e9passez pas les 100 km? Sans justificatif de domicile, comment les personnes contr\u00f4l\u00e9es pourraient-elles expliquer leur provenance?.. Rien de surprenant finalement, mais cest certain, il risque dy avoir des oublis, a expliqu\u00e9 une source polici\u00e8re \u00e0 LCI. Si vous navez pas votre justificatif de domicile sur vous, vous risquez une amende de 135 euros.. Une personnalit\u00e9 est invit\u00e9e \u00e0 venir parler de ses recherches \u00c0 partir de ce 2 juin, les mariages peuvent \u00eatre c\u00e9l\u00e9br\u00e9s dans les mairies et lieux de cultes, en restant extr\u00eamement attentif \u00e0 la distanciation physique et aux r\u00e8gles de densit\u00e9, a pr\u00e9cis\u00e9 \u00c9douard Philippe le 28 mai. Toutefois, aucune indication na \u00e9t\u00e9 faite sur lorganisation de rassemblement apr\u00e8s les c\u00e9r\u00e9monies. La quatri\u00e8me \u00e9tape du d\u00e9confinement en Pologne est annonc\u00e9e pour le samedi 30 mai. \u00c0 partir de cette date, les masques ne sont plus obligatoires dans certains espaces publics en plein air, les limitations du nombre de clients dans les caf\u00e9s, restaurants et \u00e9glises sont lev\u00e9es. Les \u00e9v\u00e9nements en plein air jusqu\u00e0 150 personnes sont \u00e9galement autoris\u00e9s. Pour ce faire, ces brigades devront interroger la personne atteinte du coronavirus afin de d\u00e9terminer avec qui elle a \u00e9t\u00e9 en contact les jours pr\u00e9c\u00e9dents. Variation n4-la carte blanche continue sur notre compte Instagram avant la fermeture du monument pour son chantier de r\u00e9novation. Aujourdhui, nous rendons hommage \u00e0 quelques amis intimes du Grand Palais qui ont, dune mani\u00e8re ou dune autre, contribu\u00e9 \u00e0 \u00e9crire notre histoire. <img decoding=\"async\" src=\"http:\/\/www.vodkaster.com\/image-provider\/article\/8\/5\/5\/3\/855349_inline1_scale_450xauto.jpg\" alt=\"rencontres rer c\" align=\"right\"> Bfmtv 2019-12-18 09:12:24 2019-12-18 09:12:24 2019-12-18 09:12:54 2019-12-18 09:12:54 Malgr\u00e9 de nombreux messages dencouragement re\u00e7us via les r\u00e9seaux sociaux, Nicolas sest \u00e9lanc\u00e9 tout seul sur les pistes cyclables pour ce premier jour de gr\u00e8ve. C\u00e9tait attendu car de nombreuses personnes ont pos\u00e9 une journ\u00e9e aujourdhui, sourit-il. Mais je maintiens mon dispositif pour les jours suivants. Je me rends r\u00e9guli\u00e8rement \u00e0 mon travail Porte dItalie \u00e0 v\u00e9lo. Il faut compter 1h15 environ et 90 du parcours est am\u00e9nag\u00e9 en pistes cyclables. Tr\u00e8s sinc\u00e8rement, la r\u00e9ponse est non. A lheure actuelle, le nombre de trains pouvant \u00eatre engag\u00e9 dans le tron\u00e7on central est \u00e0 sa limite. <img decoding=\"async\" src=\"http:\/\/www.take.christianhydrick.com\/Fiches\/cm2\/grammaire\/images\/cm1-geometrie-evaluation-cercle-3.jpg\" alt=\"rencontres rer c\" align=\"right\"> Le d\u00e9partement du Rh\u00f4ne est plac\u00e9 en orages, crues et vents violents \ufe0f\ufe0f \u00e0 compter de soutenir les efforts des soignants et du syst\u00e8me de sant\u00e9 pour stopper au plus vite les cha\u00eenes de contamination et La saison 2019-2020 de sport professionnel, notamment de football, ne pourra pas reprendre. R\u00e9gion IDF: la r\u00e9gion Ile-de-France a \u00e9largi loffre de sa plateforme dachat r\u00e9gionale aux masques, au gel hydro-alcoolique, aux consommables de protection et aux mat\u00e9riels de d\u00e9sinfection indispensables pour lutter contre l\u00e9pid\u00e9mie de Covid-19. Elle est ouverte aux collectivit\u00e9s et entreprises dIle-de-France. <img decoding=\"async\" src=\"http:\/\/cdn.iraiser.eu\/B2OU0jVwwLALCteNI8amjpeo51cyum\/HrV4woXQcKxEi7Buqd0jGeUkbtjOPv45G\/Melanie_Thomas\/origin\/clipimage004.jpg\" alt=\"rencontres rer c\" align=\"left\"> Fran\u00e7ois Laurent, directeur g\u00e9n\u00e9ral, Covestro France ;  Les m\u00e9dias locaux, Closer, des centaines de partages sur les r\u00e9seaux sociaux, la ville de Roubaix qui relaie votre message, cela vous a surpris? Tous les \u00e9v\u00e9nements qui regroupent plus de 5 000 participants ne pourront se tenir avant le mois de septembre. Lexposition met en lumi\u00e8re les territoires travers\u00e9s par le RER C ainsi que son quotidien \u00e0 travers de multiples th\u00e8mes : les inattendus des quais, les agents, les voyageurs La travers\u00e9e de l\u00cele-de-France  .<\/p>\n","protected":false},"excerpt":{"rendered":"<p>rencontres rer c<\/p>\n","protected":false},"author":1,"featured_media":0,"comment_status":"closed","ping_status":"closed","sticky":false,"template":"","format":"standard","meta":{"footnotes":""},"categories":[1],"tags":[],"class_list":["post-14332","post","type-post","status-publish","format-standard","hentry","category-uncategorized"],"_links":{"self":[{"href":"http:\/\/latinexport.us\/blogg\/wp-json\/wp\/v2\/posts\/14332","targetHints":{"allow":["GET"]}}],"collection":[{"href":"http:\/\/latinexport.us\/blogg\/wp-json\/wp\/v2\/posts"}],"about":[{"href":"http:\/\/latinexport.us\/blogg\/wp-json\/wp\/v2\/types\/post"}],"author":[{"embeddable":true,"href":"http:\/\/latinexport.us\/blogg\/wp-json\/wp\/v2\/users\/1"}],"replies":[{"embeddable":true,"href":"http:\/\/latinexport.us\/blogg\/wp-json\/wp\/v2\/comments?post=14332"}],"version-history":[{"count":1,"href":"http:\/\/latinexport.us\/blogg\/wp-json\/wp\/v2\/posts\/14332\/revisions"}],"predecessor-version":[{"id":14333,"href":"http:\/\/latinexport.us\/blogg\/wp-json\/wp\/v2\/posts\/14332\/revisions\/14333"}],"wp:attachment":[{"href":"http:\/\/latinexport.us\/blogg\/wp-json\/wp\/v2\/media?parent=14332"}],"wp:term":[{"taxonomy":"category","embeddable":true,"href":"http:\/\/latinexport.us\/blogg\/wp-json\/wp\/v2\/categories?post=14332"},{"taxonomy":"post_tag","embeddable":true,"href":"http:\/\/latinexport.us\/blogg\/wp-json\/wp\/v2\/tags?post=14332"}],"curies":[{"name":"wp","href":"https:\/\/api.w.org\/{rel}","templated":true}]}}