{"id":14382,"date":"2020-10-18T08:25:44","date_gmt":"2020-10-18T08:25:44","guid":{"rendered":"http:\/\/latinexport.us\/blogg\/?p=14382"},"modified":"2020-10-06T13:46:29","modified_gmt":"2020-10-06T13:46:29","slug":"la-rencontre-de-montoire-deutsch","status":"publish","type":"post","link":"http:\/\/latinexport.us\/blogg\/2020\/10\/18\/la-rencontre-de-montoire-deutsch\/","title":{"rendered":"La Rencontre De Montoire Deutsch"},"content":{"rendered":"<p><img decoding=\"async\" src=\"http:\/\/www.subject.serenitynowmassagetherapy.com\/img\/400\/5a5dad9d4fced-services-menuiserie-menuisier-soc-le-pontet-84130-paca-2-400.jpg\" alt=\"la rencontre de montoire deutsch\" align=\"left\">  Analytics: suivez votre localisation et votre r\u00e9gion en fonction de votre num\u00e9ro IP 94 Cf. Fr\u00e9ville, ibid, p. 28 sqq. Werner Best \u00e9tait le bras droit de Heydrich dans la mise sur pied IntelNews 5 fois par semaine Renseignor chaque semaine CF2R Infos tous les mois 164 Braibant Marcel, Les Paysans daujourdhui, Anthologie dauteurs contemporains, Paris, Mercure d <img decoding=\"async\" src=\"http:\/\/www.phaprmd.tk\/media\/homepagebanner\/10.jpg\" alt=\"la rencontre de montoire deutsch\" align=\"right\"> Fonctionnalit\u00e9: Rappelez-vous la r\u00e9gion et le pays s\u00e9lectionn\u00e9s Pour Hitler, lenjeu de la rencontre de Montoire \u00e9tait tout autre. Il consid\u00e9rait la collaboration comme un atout tactique et strat\u00e9gique : aide purement ponctuelle et purement militaire, elle devait aider lAllemagne dans la perspective du conflit en cours avec la Grande-Bretagne et du projet dinvasion de l. Il sagissait simplement pour les nazis de se garantir des intentions fran\u00e7aises, cest-\u00e0-dire de neutraliser la France aux moindres frais en maintenant une \u00e9crasante domination \u00e9conomique et en sassurant que Vichy sopposera fermement \u00e0 toute tentative de mainmise des et des Anglais sur l.. En raison de ces objectifs tactiques, et aussi de son immense, Hitler n\u00e9tait nullement dispos\u00e9 \u00e0 faire des concessions au vaincu de, m\u00eame sil acceptait le principe de la collaboration franco-allemande. Neun Hubert, Szenen im S\u00fcden Hinter dem Schleier des Midi, Das Reich, 1941, n 32, 10-08-1941, p 15. 249Mais, de Fran\u00e7ois I er, fondateur du Coll\u00e8ge Royal, \u00e0 Richelieu, fondateur de lAcad\u00e9mie fran\u00e7aise, les sciences, la philologie et la philosophie aussi trouvent leur patrie \u00e0 Paris, pour reprendre mot pour mot cette expression allemande extraordinaire : eine Heimat finden loc. Cit, \u00eatre enfin chez soi cela est plus positif quune simple reconnaissance de Paris comme la capitale des arts et des sciences. Nous sommes effectivement tr\u00e8s loin des \u00e9crits sur lhistoire de la France et de lEurope que nous avons examin\u00e9s plus haut, et m\u00eame les francophiles parmi les auteurs allemands ne sont jamais all\u00e9s si loin. Lerch Eugen, Franz\u00f6sische Sprache und Wesensart, Frankfurt a.M, Diesterweg, 1933. Chaque semaine, un contrepoint historique de lactualit\u00e9, anniversaires, r\u00e9cits, devinettes :  <img decoding=\"async\" src=\"http:\/\/www.fancy.buymeforme.com\/images\/BL-AGENTS\/bg-header.jpg\" alt=\"la rencontre de montoire deutsch\" align=\"left\"> 92 Volksforschung Vierteljahreszeitschrift des Deutschen Auslandsinstituts in Stuttgart, t. 5, 1942 244On peut retenir le fait \u00e9tonnant que le reproche de francophilie concernant les publications du Wegleiter-Verlag se dirigea aussi indirectement contre le NSDAPAO, section France, qui \u00e9tait impliqu\u00e9 dans le projet. Le livre r\u00e9v\u00e8le en effet une certaine franchise, n\u00e9anmoins limit\u00e9e, et exprime une admiration de la France et une attitude qui n\u00e9tait pas tout \u00e0 fait celle quon pouvait attendre des forces doccupation, mais il ne refl\u00e8te quun tout petit peu une r\u00e9alit\u00e9 que tout le monde connaissait. Quelques petits signes y font r\u00e9f\u00e9rence : le go\u00fbt de la musique de jazz, le cours de langue avec une pr\u00e9tendue Fran\u00e7aise dont le soldat tombe amoureux ; ou l\u00e9pisode, pas encore \u00e9voqu\u00e9, o\u00f9 le soldat Ruch ach\u00e8te une bo\u00eete \u00e0 musique au March\u00e9 aux Puces, de la main dune Fran\u00e7ois Delpla, Montoire : le texte Une proposition fran\u00e7aise de collaboration militaire,, d\u00e9cembre 2000. Cette option doit \u00eatre activ\u00e9e \u00e0 tout moment afin que nous puissions enregistrer vos pr\u00e9f\u00e9rences pour les r\u00e9glages de cookie. 159En revanche, Fritz Neubert, professeur de romanistique \u00e0 luniversit\u00e9 de Breslau, et, comme nous lavons d\u00e9j\u00e0 signal\u00e9, le coordinateur de lengagement intellectuel des romanistes pour la guerre, adopte un ethnicisme de velours, si lon peut dire, dans son livre sur le classicisme fran\u00e7ais et lEurope, paru dans la collection La France, sa vision du monde et lEurope, quil dirigeait. Sil explique sans cesse l\u00eatre fran\u00e7ais qui a trouv\u00e9 son expression la plus pure dans le classicisme, il le fait dune mani\u00e8re qui rend le livre encore lisible de nos jours. Neubert d\u00e9nonce moins le cart\u00e9sianisme, simposant en France jusqu\u00e0 d\u00e9terminer toute la vision du monde de ses habitants, que la manie de limitation du classicisme fran\u00e7ais, et de la civilisation fran\u00e7aise en g\u00e9n\u00e9ral, jusqu\u00e0 la fin du xviii e si\u00e8cle en Allemagne. Ce nest que dans la derni\u00e8re partie, quand lauteur \u00e9voque le combat culturel entre classicisme et romantisme et ses implications politiques, que lanalyse est de plus en plus politis\u00e9e en prenant le ton id\u00e9ologique connu, tout en gardant une certaine politesse. Un m\u00e9tier quelle na jamais envisag\u00e9 comme une corv\u00e9e ou quelque chose de difficile, dalimentaire. Mais plut\u00f4t comme une sc\u00e8ne, finalement. Un lieu o\u00f9 on rencontre les gens. \u03a0\u03c1\u03bf\u03b1\u03c3\u03c4\u03b9\u03b1\u03ba\u03bf\u03c2 \u03b1\u03b8\u03b7\u03bd\u03b1 \u03ba\u03b9\u03b1\u03c4\u03bf \u03b4\u03b9\u03c3\u03ba\u03bf\u03b9 \u03bc\u03bd\u03b7\u03bc\u03bf\u03c3\u03c5\u03bd\u03c9\u03bd \u03bd\u03b5\u03b1 \u03b9\u03c9\u03bd\u03b9\u03b1 0 out of 5 \u03b1\u03bd\u03c4\u03b1\u03bb\u03bb\u03b1\u03ba\u03c4\u03b9\u03ba\u03b1 \u03b2\u03bf\u03bb\u03b2\u03bf \u03c6\u03bf\u03c1\u03c4\u03b7\u03b3\u03bf \u03b5\u03cd\u03ba\u03bf\u03bb\u03b1 \u03c6\u03b1\u03b3\u03b7\u03c4\u03ac \u03bc\u03b5 \u03ba\u03b9\u03bc\u03ac \u03b5\u03c6\u03b7\u03bc\u03b5\u03c1\u03b5\u03c5\u03bf\u03bd\u03c4\u03b1 \u03bd\u03bf\u03c3\u03bf\u03ba\u03bf\u03bc\u03b5\u03b9\u03b1 \u03b1\u03b8\u03b7\u03bd\u03b1 \u03c4\u03c9\u03c1\u03b1 \u03bc\u03c5\u03ba\u03b7\u03c4\u03b5\u03c2 \u03ba\u03bf\u03bb\u03c0\u03bf\u03c5 \u03c6\u03c9\u03c4\u03bf\u03b3\u03c1\u03b1\u03c6\u03b9\u03b1 \u03c4\u03bc\u03b7\u03bc\u03b1 \u03b9\u03c3\u03c4\u03bf\u03c1\u03b9\u03b1\u03c2 \u03b1\u03c1\u03c7\u03b1\u03b9\u03bf\u03bb\u03bf\u03b3\u03b9\u03b1\u03c2 \u03c0\u03b1\u03bd\u03b5\u03c0\u03b9\u03c3\u03c4\u03b7\u03bc\u03b9\u03bf \u03ba\u03c5\u03c0\u03c1\u03bf\u03c5 11.00 \u03b2\u03bf\u03c1\u03b5\u03b9\u03bf\u03c5 \u03c4\u03bf\u03bc\u03b5\u03b1 \u03b1\u03b8\u03b7\u03bd\u03c9\u03bd \u03bc\u03b5 \u03a6\u03a0\u0391 Au mois dao\u00fbt, un festival de musique r\u00e9unissant de nombreux artistes \u00e9trangers, Les Folklores du Monde, anime les rues de la ville.  Mari\u00e9 le 10 f\u00e9vrier 1851, Floringhem, 62550, Pas-de-Calais, France.<\/p>\n","protected":false},"excerpt":{"rendered":"<p>la rencontre de montoire deutsch<\/p>\n","protected":false},"author":1,"featured_media":0,"comment_status":"closed","ping_status":"closed","sticky":false,"template":"","format":"standard","meta":{"footnotes":""},"categories":[1],"tags":[],"class_list":["post-14382","post","type-post","status-publish","format-standard","hentry","category-uncategorized"],"_links":{"self":[{"href":"http:\/\/latinexport.us\/blogg\/wp-json\/wp\/v2\/posts\/14382","targetHints":{"allow":["GET"]}}],"collection":[{"href":"http:\/\/latinexport.us\/blogg\/wp-json\/wp\/v2\/posts"}],"about":[{"href":"http:\/\/latinexport.us\/blogg\/wp-json\/wp\/v2\/types\/post"}],"author":[{"embeddable":true,"href":"http:\/\/latinexport.us\/blogg\/wp-json\/wp\/v2\/users\/1"}],"replies":[{"embeddable":true,"href":"http:\/\/latinexport.us\/blogg\/wp-json\/wp\/v2\/comments?post=14382"}],"version-history":[{"count":1,"href":"http:\/\/latinexport.us\/blogg\/wp-json\/wp\/v2\/posts\/14382\/revisions"}],"predecessor-version":[{"id":14383,"href":"http:\/\/latinexport.us\/blogg\/wp-json\/wp\/v2\/posts\/14382\/revisions\/14383"}],"wp:attachment":[{"href":"http:\/\/latinexport.us\/blogg\/wp-json\/wp\/v2\/media?parent=14382"}],"wp:term":[{"taxonomy":"category","embeddable":true,"href":"http:\/\/latinexport.us\/blogg\/wp-json\/wp\/v2\/categories?post=14382"},{"taxonomy":"post_tag","embeddable":true,"href":"http:\/\/latinexport.us\/blogg\/wp-json\/wp\/v2\/tags?post=14382"}],"curies":[{"name":"wp","href":"https:\/\/api.w.org\/{rel}","templated":true}]}}