{"id":14390,"date":"2020-10-18T15:16:06","date_gmt":"2020-10-18T15:16:06","guid":{"rendered":"http:\/\/latinexport.us\/blogg\/?p=14390"},"modified":"2020-10-06T14:14:36","modified_gmt":"2020-10-06T14:14:36","slug":"rencontre-du-pape-francois-avec-benoit-xvi","status":"publish","type":"post","link":"http:\/\/latinexport.us\/blogg\/2020\/10\/18\/rencontre-du-pape-francois-avec-benoit-xvi\/","title":{"rendered":"Rencontre Du Pape Francois Avec Benoit Xvi"},"content":{"rendered":"<p>. B\u00e9ni es-tu, Christ, notre Dieu, qui a rendu tr\u00e8s-sages des p\u00e9cheurs, leur envoyant le Saint-Esprit, qui par eux, pris au filet le monde entier, Ami des hommes, gloire \u00e0 toi. Et cependant il ny a pas trois Seigneurs mais un seul Seigneur. Ne vous laissez pas gagner par la peur et lagitation, Mon Peuple Me reconna\u00eet et il est conscient que Je ne labandonnerai pas. Es Elisabetta Piqu\u00e9, Hist\u00f3rica apertura del Papa sobre aborto, divorcio y gays, 20 septembre 2013 <img decoding=\"async\" src=\"http:\/\/gdb.voanews.com\/E4D4F1B4-AE71-45EC-B666-748A33E63AFF_cx0_cy4_cw0_w987_r1_s_r1.jpg\" alt=\"rencontre du pape francois avec benoit xvi\" align=\"center\"> Derri\u00e8re lindiff\u00e9rentisme religieux, il y a finalement le n\u00e9o-paganisme qui progresse partout et vite, je trouve cf. Le cur\u00e9 mondain qui pr\u00eache laser StarWars en main. Les responsables de la accueille avec enthousiasme la nouvelle de l\u00e9lection de Bergoglio comme pape, notant qu il sest toujours pr\u00e9sent\u00e9 comme un ami de la communaut\u00e9 islamique, et en faveur du dialogue, citant sa r\u00e9action \u00e0 lincident survenu lorsque a cit\u00e9 un document m\u00e9di\u00e9val qui d\u00e9crivait comme mal\u00e9fique et inhumain. Selon eux, Bergoglio a pris imm\u00e9diatement ses distances avec la citation. Bergoglio a visit\u00e9 une mosqu\u00e9e et une \u00e9cole islamique en Argentine, des visites que le Cheik Mohsen Ali, directeur de la diffusion de Islam, a qualifi\u00e9es dactions renfor\u00e7ant la relation entre les communaut\u00e9s catholique et islamique. D r Sumer Noufouri, secr\u00e9taire g\u00e9n\u00e9ral du Centre islamique de la R\u00e9publique argentine CIRA voit \u00e9galement l\u00e9lection de Bergoglio comme pape, comme une cause de joie et despoir de renforcement du dialogue entre les religions. Noufouri a dit que la relation entre le CIRA et Bergoglio pendant une dizaine dann\u00e9es avait aid\u00e9 \u00e0 construire un dialogue islamo-chr\u00e9tien dune fa\u00e7on r\u00e9ellement significative dans lhistoire des relations entre les religions monoth\u00e9istes en Argentine, grand imam d et pr\u00e9sident de l en \u00c9gypte, envoie ses f\u00e9licitations apr\u00e8s l\u00e9lection du pape. Al-Tayeb avait interrompu les relations avec le Vatican pendant le pontificat de Beno\u00eet XVI, si bien que sa d\u00e9claration a \u00e9t\u00e9 interpr\u00e9t\u00e9e comme un signe douverture pour lavenir. Frappent le monde, puisquil sait que ces malheurs m\u00eames am\u00e8nent sa fin. Il est \u00e9crit en effet : Celui qui veut \u00eatre lami de ce si\u00e8cle se fait lennemi de Dieu. Jc 4,4. St Gr\u00e9goire le Grand, Demandons \u00e0 lEsprit Saint dagir en nous afin que, tant sur le plan personnel que communautaire, nous puissions acqu\u00e9rir lhabitus du discernement. Demandons-lui de savoir voir toujours lunit\u00e9 de lhistoire du salut \u00e0 travers les signes du passage de Dieu \u00e0 notre \u00e9poque et sur les visages de ceux qui sont proches de nous, afin que nous apprenions que le temps et les visages humains sont messagers du Dieu vivant. Le Vatican a indiqu\u00e9 samedi 23 mars que le pape Fran\u00e7ois et son pr\u00e9d\u00e9cesseur Beno\u00eet XVI s\u00e9taient rencontr\u00e9s en priv\u00e9 pendant environ 45 minutes avant de d\u00e9jeuner ensemble avec leur entourage dans la r\u00e9sidence estivale des papes \u00e0 Castel Gandolfo sud-est de Rome. \u00c0 lext\u00e9rieur du palais, la place principale de la petite ville situ\u00e9e au sud de Rome \u00e9tait remplie de fid\u00e8les esp\u00e9rant entrevoir ce moment historique. Certains brandissaient des photos des deux hommes et dautres scandaient Francesco! Francesco! Pour son premier d\u00e9placement \u00e0 l\u00e9tranger, Fran\u00e7ois se rend au Br\u00e9sil o\u00f9 se d\u00e9roulent du 23 au 28 juillet 2013 les 28 e \u00e0. L\u00e9v\u00e8nement, cl\u00f4tur\u00e9 par une messe sur la plage de, rassemble plus de trois millions de fid\u00e8les dans une atmosph\u00e8re festive visant \u00e0 concurrencer les \u00c9glises \u00e9vang\u00e9liques vers lesquelles de nombreux catholiques br\u00e9siliens se sont d\u00e9tourn\u00e9s. Lexcellent docteur L\u00e9vy-Ben Diafoirus nous a fait lhonneur dune interview exclusive. Il Oui il y a beaucoup de points communs entre les conciliaires et les chefs des pr\u00eatres du temps de N\u00f4tre Seigneur. Whats rude indeed: to quote someones video and word or to let an illegitimate whatever kill the souls? Whos to blame here? Lintervention du cardinal Bergoglio avant le conclave, 27 mars 2013, Pour en savoir davantage, y compris comment contr\u00f4ler les cookies, voir : Kyriale selon les anciens usages parisiens pour loctave de la Pentec\u00f4te I.M\u00e9dia, sur Cath.ch, 2 avril 2017 consult\u00e9 le 3 avril 2017 International Donald Trump a d\u00e9cal\u00e9 son meeting de Tulsa, qui devait avoir lieu le jour de la c\u00e9l\u00e9bration de labolition de lesclavage. Dautres meetings auront lieu, malgr\u00e9 les.. L\u00c9glise catholique se trouve donc aujourdhui dans une situation dentre-deux. Le risque de schisme formel, o\u00f9 lon pourrait imaginer un parti conservateur reconnaissant Beno\u00eet XVI pour seul pape l\u00e9gitime, est une \u00e9ventualit\u00e9 inenvisageable. En fait, aucune des parties ne d\u00e9sire la rupture, mais chacune fait mine dattendre la faute de ladversaire qui la rendra irr\u00e9versible. Cette pri\u00e8re \u00e9tait d\u00e9j\u00e0 toute symbolique avant la r\u00e9forme, puisquil ny avait pratiquement jamais de bapt\u00eames pendant la c\u00e9l\u00e9bration. Cependant, elle prolongeait le caract\u00e8re baptismal de la Vigile et gardait toute sa place. Sa conservation, ici, lisole du reste de la c\u00e9l\u00e9bration et la r\u00e9duit, bien plus quavant, \u00e0 un simple vestige. Le missel de 1969 Peisey-Nancroix : retable du ma\u00eetre-autel : lAnnonciation. <img decoding=\"async\" src=\"http:\/\/medias-catholique.info\/wp-content\/uploads\/2018\/03\/lettre-benoit-xvi-theologie-pape-francois-300x169.jpeg\" alt=\"rencontre du pape francois avec benoit xvi\" align=\"center\"> En 2019, le pape d\u00e9plore de voir combien aujourdhui commence \u00e0 rena\u00eetre ici ou l\u00e0 lhabitude de pers\u00e9cuter les juifs, il d\u00e9clare Ce nest ni humain ni chr\u00e9tien. Ils sont nos fr\u00e8res et ne doivent pas \u00eatre pers\u00e9cut\u00e9s, cest bien compris.   Aujourdhui, il y a plus de martyrs quau d\u00e9but de la vie de lEglise, et les martyrs sont partout. LEglise daujourdhui est riche de martyrs, elle est irrigu\u00e9e par leur sang qui est semence de nouveaux chr\u00e9tiens Tertullien, Apolog\u00e9tique, 50, 13 qui assure croissance et f\u00e9condit\u00e9 au peuple de Dieu. Les martyrs ne sont pas des images pieuses, mais des hommes et des femmes en chair et en os, qui comme le dit lApocalypse ont lav\u00e9 leurs robes et les ont blanchies dans le sang de lAgneau 7, 14. Ils sont les vrais vainqueurs. Mais cette nouveaut\u00e9 des portes ouvertes \u00e0 qui? Aux pa\u00efens, car les ap\u00f4tres pr\u00eachaient aux juifs, mais les pa\u00efens sont venus eux aussi frapper \u00e0 la porte de lEglise; et cette nouveaut\u00e9 des portes ouvertes aux pa\u00efens d\u00e9cha\u00eene une controverse tr\u00e8s anim\u00e9e. Certains juifs affirment la n\u00e9cessit\u00e9 de devenir juifs au moyen de la circoncision pour se sauver, et ensuite recevoir le bapt\u00eame. Il disent: Si vous ne vous faites pas circoncire suivant lusage qui vient de Mo\u00efse, vous ne pouvez \u00eatre sauv\u00e9s Ac 15, 1, cest-\u00e0-dire vous ne pouvez pas ensuite recevoir le bapt\u00eame. Dabord le rite juif et ensuite le bapt\u00eame: c\u00e9tait leur position. Et pour r\u00e9soudre la question, Paul et Barnab\u00e9 consultent le conseil des ap\u00f4tres et des anciens \u00e0 J\u00e9rusalem, et a lieu ce qui est consid\u00e9r\u00e9 comme le premier concile de lhistoire de lEglise, appel\u00e9 le concile ou assembl\u00e9e de J\u00e9rusalem, auquel Paul fait r\u00e9f\u00e9rence dans la Lettre aux Galates 2, 1-10. <img decoding=\"async\" src=\"http:\/\/laportelatine.org\/vatican\/sanctions_indults_discussions\/029_11_07_2018\/25_08_2018_temoignage_mgr_vigano_vs_francois.jpg\" alt=\"rencontre du pape francois avec benoit xvi\" align=\"center\">.<\/p>\n","protected":false},"excerpt":{"rendered":"<p>rencontre du pape francois avec benoit xvi<\/p>\n","protected":false},"author":1,"featured_media":0,"comment_status":"closed","ping_status":"closed","sticky":false,"template":"","format":"standard","meta":{"footnotes":""},"categories":[1],"tags":[],"class_list":["post-14390","post","type-post","status-publish","format-standard","hentry","category-uncategorized"],"_links":{"self":[{"href":"http:\/\/latinexport.us\/blogg\/wp-json\/wp\/v2\/posts\/14390","targetHints":{"allow":["GET"]}}],"collection":[{"href":"http:\/\/latinexport.us\/blogg\/wp-json\/wp\/v2\/posts"}],"about":[{"href":"http:\/\/latinexport.us\/blogg\/wp-json\/wp\/v2\/types\/post"}],"author":[{"embeddable":true,"href":"http:\/\/latinexport.us\/blogg\/wp-json\/wp\/v2\/users\/1"}],"replies":[{"embeddable":true,"href":"http:\/\/latinexport.us\/blogg\/wp-json\/wp\/v2\/comments?post=14390"}],"version-history":[{"count":1,"href":"http:\/\/latinexport.us\/blogg\/wp-json\/wp\/v2\/posts\/14390\/revisions"}],"predecessor-version":[{"id":14391,"href":"http:\/\/latinexport.us\/blogg\/wp-json\/wp\/v2\/posts\/14390\/revisions\/14391"}],"wp:attachment":[{"href":"http:\/\/latinexport.us\/blogg\/wp-json\/wp\/v2\/media?parent=14390"}],"wp:term":[{"taxonomy":"category","embeddable":true,"href":"http:\/\/latinexport.us\/blogg\/wp-json\/wp\/v2\/categories?post=14390"},{"taxonomy":"post_tag","embeddable":true,"href":"http:\/\/latinexport.us\/blogg\/wp-json\/wp\/v2\/tags?post=14390"}],"curies":[{"name":"wp","href":"https:\/\/api.w.org\/{rel}","templated":true}]}}