{"id":14406,"date":"2020-10-18T18:35:04","date_gmt":"2020-10-18T18:35:04","guid":{"rendered":"http:\/\/latinexport.us\/blogg\/?p=14406"},"modified":"2020-10-06T14:38:30","modified_gmt":"2020-10-06T14:38:30","slug":"rencontre-obama-mohammed-vi","status":"publish","type":"post","link":"http:\/\/latinexport.us\/blogg\/2020\/10\/18\/rencontre-obama-mohammed-vi\/","title":{"rendered":"Rencontre Obama Mohammed Vi"},"content":{"rendered":"<p>Partager avec Ces liens sont externes et souvriront dans une nouvelle fen\u00eatre Les entretiens entre le roi Mohammed VI et le pr\u00e9sident am\u00e9ricain Barack Obama porteront sur la s\u00e9curit\u00e9 et l\u00e9conomie.  Le Bulletin officiel de l\u00e9ducation nationale Minist\u00e8re de lEducation Nationale et de la Jeunesse&#8212;&#8212;&#8212;&#8212;&#8212;&#8212;&#8212;&#8212;&#8212;&#8212;&#8212; Maghress : Que doit-on attendre de la rencontre Mohammed VI-Obama? Sahara, Syrie, Afrique, monde arabe.. Pour la presse am\u00e9ricaine, la rencontre entre Barack Obama et le Roi Mohammed VI le 22 novembre est loccasion de traiter les dossiers importants et de renforcer lalliance strat\u00e9gique entre les deux pays. Visit, he said, h e met with the king, q ueen and officials.. Et Piotr Smolar,, lemonde.fr, 26 d\u00e9cembre 2016 consult\u00e9 le 29 d\u00e9cembre 2016. Write CSS OR LESS and hit save. CTRL SPACE for auto-complete. Tschetter a eu un e entrev ue avec le roi et la r eine qui.. Jai une histoire avec le minist\u00e8re de la Jeunesse de ce pays qui illustre tr\u00e8s bien ce que je pense. Si je devais assumer une aussi haute fonction, je me battrais pour prendre rapidement des d\u00e9cisions visant \u00e0 redonner force, d\u00e9sir, amour et espoir aux citoyens Camerounais. Je nommerais une nouvelle \u00e9quipe du gouvernement jeune qui inclut au moins 10 jeunes femmes et hommes \u00e2g\u00e9s de moins de 45 ans. Il y aurait le moins de postes minist\u00e9riels possibles. Tous les ministres seraient d\u00e9sign\u00e9s membres du S\u00e9nat pour services rendus \u00e0 la Nation. Dans le m\u00eame temps, je proc\u00e9derais \u00e0 une v\u00e9ritable cure administrative pour \u00e9viter le cumul de postes pendant que dautres sont au ch\u00f4mage. J\u00e9tablirais une charte de d\u00e9ontologie pour tous les membres du gouvernement. Il faudrait tour \u00e0 tour remettre sur la table la question des bourses et subventions aux \u00e9tudiants car le niveau de vie des parents a baiss\u00e9 et les familles peinent \u00e0 envoyer leurs enfants \u00e0 l\u00e9cole. Je ferais faire un diagnostic global de la situation \u00e9conomique, politique, culturelle et sociale du pays afin de prendre des d\u00e9cisions mesur\u00e9es et justes. Contact Internet Management Group SA-Tous droits r\u00e9serv\u00e9s Sahel-MENA: entretiens Obama-Mohammed VI sur la s\u00e9curit\u00e9 r\u00e9gionale Maroc : le roi Mohammed VI, grand adepte du selfie, r\u00e9volutionne la monarchie-Le Parisien jy vois 2 raisons : soit vous \u00eates idiot, soit vous \u00eates grassement pay\u00e9 pour dire des conneries.  Isra\u00ebl : manifestation contre Netanyahou,, samedi 17 f\u00e9vrier 2018, page 9. <img decoding=\"async\" src=\"http:\/\/www.igihe.com\/IMG\/jpg\/17-160.jpg\" alt=\"rencontre obama mohammed vi\" align=\"center\"> le Pr\u00e9sident am\u00e9ricain a insist\u00e9 sur la question du respect des droits Protocolairement parlant, il reviendra au pays h\u00f4te dannoncer cette visite car elle intervient \u00e0 son invitation, ajoute la m\u00eame source.  Et si Fran\u00e7ois Hollande assure quil a des regrets en ce qui concerne la privatisation de vie personnelle entre autres,, il assume avec humour avoir respect\u00e9 toutes les belles intentions de sa fameuse anaphore Moi, pr\u00e9sident : A lexception de ma vie priv\u00e9e,.. Je nai rien \u00e0 retrancher, assure-t-il. Mais le chef de l\u00c9tat semble d\u00e9cid\u00e9 \u00e0 sexpliquer une fois pour toutes : Ecrire un livre? Oui, forc\u00e9ment. Il y a eu trop de livres indirects, dont Le Monde a r\u00e9cemment affirm\u00e9 que trois dentre eux mavaient tu\u00e9. Cest exag\u00e9r\u00e9. Mais je me dois dexpliquer dans un livre direct ce que je nai sans doute pas assez expliqu\u00e9. Je nai pas \u00e9t\u00e9 ha\u00ef lintention de poursuivre leur coop\u00e9ration.. Pour contrer la menace de lextr\u00e9misme violent dans la r\u00e9gion, selon le texte, qui nest pas entr\u00e9 dans les d\u00e9tails de cette coop\u00e9ration. <img decoding=\"async\" src=\"http:\/\/www.theglobaltimes.eu\/images\/Obama2018.jpg\" alt=\"rencontre obama mohammed vi\" align=\"right\"> hyperlink to the primary source are specified. All trademarks belong to their rightful owners, all Nous accueillons avec satisfaction linscription de la question du respect des droits de lHomme dans les pourparlers entre le Maroc et les USA, lit-on dans le communiqu\u00e9 sahraoui. Un v\u00e9ritable KO \u00e0 David Robinson qui a litt\u00e9ralement mang\u00e9 le sol. <img decoding=\"async\" src=\"http:\/\/s1.dmcdn.net\/-QpD\/x240-ZJ6.jpg\" alt=\"rencontre obama mohammed vi\" align=\"right\">.<\/p>\n","protected":false},"excerpt":{"rendered":"<p>rencontre obama mohammed vi<\/p>\n","protected":false},"author":1,"featured_media":0,"comment_status":"closed","ping_status":"closed","sticky":false,"template":"","format":"standard","meta":{"footnotes":""},"categories":[1],"tags":[],"class_list":["post-14406","post","type-post","status-publish","format-standard","hentry","category-uncategorized"],"_links":{"self":[{"href":"http:\/\/latinexport.us\/blogg\/wp-json\/wp\/v2\/posts\/14406","targetHints":{"allow":["GET"]}}],"collection":[{"href":"http:\/\/latinexport.us\/blogg\/wp-json\/wp\/v2\/posts"}],"about":[{"href":"http:\/\/latinexport.us\/blogg\/wp-json\/wp\/v2\/types\/post"}],"author":[{"embeddable":true,"href":"http:\/\/latinexport.us\/blogg\/wp-json\/wp\/v2\/users\/1"}],"replies":[{"embeddable":true,"href":"http:\/\/latinexport.us\/blogg\/wp-json\/wp\/v2\/comments?post=14406"}],"version-history":[{"count":1,"href":"http:\/\/latinexport.us\/blogg\/wp-json\/wp\/v2\/posts\/14406\/revisions"}],"predecessor-version":[{"id":14407,"href":"http:\/\/latinexport.us\/blogg\/wp-json\/wp\/v2\/posts\/14406\/revisions\/14407"}],"wp:attachment":[{"href":"http:\/\/latinexport.us\/blogg\/wp-json\/wp\/v2\/media?parent=14406"}],"wp:term":[{"taxonomy":"category","embeddable":true,"href":"http:\/\/latinexport.us\/blogg\/wp-json\/wp\/v2\/categories?post=14406"},{"taxonomy":"post_tag","embeddable":true,"href":"http:\/\/latinexport.us\/blogg\/wp-json\/wp\/v2\/tags?post=14406"}],"curies":[{"name":"wp","href":"https:\/\/api.w.org\/{rel}","templated":true}]}}