{"id":14414,"date":"2020-10-18T06:17:47","date_gmt":"2020-10-18T06:17:47","guid":{"rendered":"http:\/\/latinexport.us\/blogg\/?p=14414"},"modified":"2020-10-06T15:08:04","modified_gmt":"2020-10-06T15:08:04","slug":"programme-rencontre-arles","status":"publish","type":"post","link":"http:\/\/latinexport.us\/blogg\/2020\/10\/18\/programme-rencontre-arles\/","title":{"rendered":"Programme Rencontre Arles"},"content":{"rendered":"<p> Sabine Az\u00e9ma : Alain Resnais, Pierre Arditi, d\u00e9couvrez les hommes de sa vie Du 29 juin au 1er juillet, si jai conserv\u00e9 des voeux pour lesquels je suis en liste dattente, je confirme ceux qui mint\u00e9ressent toujours dans mon dossier Prix du livre : La meva Mediterr\u00e0nia de Lunwerg  Au programme : Rencontre avec les praticiens du bien-\u00eatre S\u00e9ances Individuelles, Ateliers, De retour du front en 1918, Fidelis Waldvogel, un jeune soldat allemand, rend visite \u00e0 Eva Kalb, la fianc\u00e9e dun de ses meilleurs amis mort au front. Il d\u00e9couvre quelle est enceinte et d\u00e9cide de l\u00e9pouser. Afin de prendre un nouv.. En attendant, vous pouvez t\u00e9l\u00e9charger la derni\u00e8re Revue des Luma Days <img decoding=\"async\" src=\"http:\/\/www.museeniepce.com\/var\/ezflow_site\/storage\/images\/exposition\/exposition-passee\/michel-campeau\/campeau-diaporama\/13357-2-fre-FR\/campeau-diaporama.jpg\" alt=\"programme rencontre arles\" align=\"right\"> Vivre damour et dart, cest sans doute le credo des couples dartistes modernes, en premi\u00e8re partie, tandis que la photographe Laura Henno devient le.. <img decoding=\"async\" src=\"http:\/\/www.bestarchidesign.com\/wp-content\/uploads\/2018\/07\/arles-rencontres-photo.jpg\" alt=\"programme rencontre arles\" align=\"right\"> Les r\u00e9unions sont accus\u00e9es de ne pas avoir inclus dexposition photo africaine dans les 50 expositions photo pr\u00e9vues en juillet 2019 pour le 50e anniversaire. Si les rencontres de 2016 savaient que Malick Sidib\u00e9, lartiste \u00e9thiopienne Aida Muluneh et lOugandaise Sarah Waiswa qui a remport\u00e9 le prix Discovery ont \u00e9t\u00e9 honor\u00e9s en 2016, la pr\u00e9sence dartistes africains fait partie du discontinu. \u00c9v\u00e9nements loccasion pour nous de se rencontrer, \u00e9changer, d\u00e9couvrir. Maurizio Cattelan et Pierpaolo Ferrari, Sans titre. Concept et images par TOILET PAPER magazine. Avec laimable autorisat ion de lartiste. \u00c9MERGENCES STORY OF A SMALL FISH IN A SHARK-INFESTED OCEAN CHARLIE CHAPLIN, THE GREAT DICTATOR, 80 YEARS ON: The barber and Hannah Paulette Goddard. Courtesy of Roy Export Co Ltd. Les Rencontres dArles Le festival sinterrogera \u00e9galement sur limm\u00e9diatet\u00e9 du photojournalisme, autour du th\u00e8me Les plateformes du visible : Nouvelles approches documentaire en proposant des expositions qui sarr\u00eatent autour dun sujet lui \u00f4tant son caract\u00e8re d\u00e9v\u00e8nement isol\u00e9 pour mieux le relier \u00e0 la vaste et complexe r\u00e9alit\u00e9. Avec Emeric Lhuisset et Christian Lutz. Dorothea Lange Migrant Mother, Nipomo, Californie 1936, 2014. Avec laimable autorisation de lartiste et de la Catherine Edelman Gallery, Chicago Rencontres Arles Les visiteurs Fran\u00e7ais, un peu plus nombreux cette ann\u00e9e, repr\u00e9sentent 85 du public des Rencontres. Chapelle Saint-Martin-du-M\u00e9jan place Nina-Berb\u00e9rova  <img decoding=\"async\" src=\"http:\/\/www.claudinecolin.com\/en\/827-the-rencontres-d-arles-2013\/documents\/images\/viviane-sassen-pour-numero-magazine-avec-l-aimage-autorisation-de-l-artiste.jpg\" alt=\"programme rencontre arles\" align=\"right\"> Happy Birthday Les Rencontres! The Anonymous Project.<\/p>\n","protected":false},"excerpt":{"rendered":"<p>programme rencontre arles<\/p>\n","protected":false},"author":1,"featured_media":0,"comment_status":"closed","ping_status":"closed","sticky":false,"template":"","format":"standard","meta":{"footnotes":""},"categories":[1],"tags":[],"class_list":["post-14414","post","type-post","status-publish","format-standard","hentry","category-uncategorized"],"_links":{"self":[{"href":"http:\/\/latinexport.us\/blogg\/wp-json\/wp\/v2\/posts\/14414","targetHints":{"allow":["GET"]}}],"collection":[{"href":"http:\/\/latinexport.us\/blogg\/wp-json\/wp\/v2\/posts"}],"about":[{"href":"http:\/\/latinexport.us\/blogg\/wp-json\/wp\/v2\/types\/post"}],"author":[{"embeddable":true,"href":"http:\/\/latinexport.us\/blogg\/wp-json\/wp\/v2\/users\/1"}],"replies":[{"embeddable":true,"href":"http:\/\/latinexport.us\/blogg\/wp-json\/wp\/v2\/comments?post=14414"}],"version-history":[{"count":1,"href":"http:\/\/latinexport.us\/blogg\/wp-json\/wp\/v2\/posts\/14414\/revisions"}],"predecessor-version":[{"id":14415,"href":"http:\/\/latinexport.us\/blogg\/wp-json\/wp\/v2\/posts\/14414\/revisions\/14415"}],"wp:attachment":[{"href":"http:\/\/latinexport.us\/blogg\/wp-json\/wp\/v2\/media?parent=14414"}],"wp:term":[{"taxonomy":"category","embeddable":true,"href":"http:\/\/latinexport.us\/blogg\/wp-json\/wp\/v2\/categories?post=14414"},{"taxonomy":"post_tag","embeddable":true,"href":"http:\/\/latinexport.us\/blogg\/wp-json\/wp\/v2\/tags?post=14414"}],"curies":[{"name":"wp","href":"https:\/\/api.w.org\/{rel}","templated":true}]}}