{"id":14432,"date":"2020-10-18T13:20:48","date_gmt":"2020-10-18T13:20:48","guid":{"rendered":"http:\/\/latinexport.us\/blogg\/?p=14432"},"modified":"2020-10-06T15:47:33","modified_gmt":"2020-10-06T15:47:33","slug":"rencontre-chorales-ile-de-france","status":"publish","type":"post","link":"http:\/\/latinexport.us\/blogg\/2020\/10\/18\/rencontre-chorales-ile-de-france\/","title":{"rendered":"Rencontre Chorales Ile De France"},"content":{"rendered":"<p>Cette inscription permet aux \u00e9coles et \u00e9tablissements de b\u00e9n\u00e9ficier de la venue dun champion pendant la semaine olympique et paralympique. Chaque \u00e9tablissement labellis\u00e9 recevra \u00e9galement un kit de communication d\u00e9di\u00e9 \u00e0 l\u00e9v\u00e8nement. Le froid et la neige sont arriv\u00e9s brusquement et avec eux le temps de vous annoncer notre prochain s\u00e9jour de Chant et raquette. Les joies de soir\u00e9es conviviales au coin du feu et au son festif de lorgue de barbarie de Michel notre fid\u00e8le cuistot, les balades enneig\u00e9es raquettes aux pieds sous la houlette de Julien accompagnateur en montagne et surtout naturaliste passionn\u00e9 et les apr\u00e8s midi chantantes que je vous proposerai en polyphonies a capella sont encore et toujours au programme de cette 9e \u00e9dition! Des cours de chant individuels sont possibles pendant le s\u00e9jour sans surco\u00fbt. Un concert en toute simplicit\u00e9 est traditionnellement organis\u00e9 en fin de stage. Les s\u00e9ances de chant comprennent un temps de r\u00e9veil corporel et vocal avec prise de conscience et connaissance de linstrument vocal, exercices et jeux vocaux, travail des partitions, travail dinterpr\u00e9tation, d\u00e9couvertes des harmoniques. Les balades durent en moyenne, pauses comprises 3h. Elles sont tributaires de la m\u00e9t\u00e9o mais Un programme de r\u00e9p\u00e9titions conduit \u00e0 donner plusieurs concerts dans notre ville et la r\u00e9gion. En effet, la pr\u00e9sidente de la r\u00e9gion Ile de France Nord, Marie-H\u00e9l\u00e8ne GOURIOU, ayant souhait\u00e9 d\u00e9localiser des concerts de son atelier choral dans la r\u00e9gion Hauts-de-France, deux chorales ont r\u00e9pondu favorablement \u00e0 cet appel : la chorale Intervalle de Saint-Omer en la cath\u00e9drale Notre Dame \u00e0 Saint-Omer, le samedi 19 et la chorale Plain Chant de Villeneuve dAscq, en l\u00e9glise Saint-Vaast \u00e0 Bailleul le dimanche 20. Saint-NazaireLassociation fond\u00e9e par Jacques LE BAIL en septembre 2005 sest d\u00e9velopp\u00e9e au cours des ann\u00e9es et se compose actuellement de 35 choristes. Dimanche 12 juin 2016 : Cit\u00e9 de la musique-Philharmonie de Paris Pour conduire le changement de valeurs au sein des soci\u00e9t\u00e9s et des groupes, le chant choral sinscrit dans le cadre de mouvements sociaux, cest-\u00e0-dire de groupes qui cherchent progressivement \u00e0 modifier lorganisation de la soci\u00e9t\u00e9, \u00e0 commencer par tous les mouvements nationaux. Au d\u00e9but du XIX e si\u00e8cle, en Allemagne, des soci\u00e9t\u00e9s chorales, les Liedertafeln, apparaissent dans tout le pays 24. Principalement organis\u00e9es sous la forme de ch\u0153ur masculin, ces nouvelles soci\u00e9t\u00e9s ont pour objet dexalter par le chant et la polyphonie les forces de la nation. Le premier Liedertafel est fond\u00e9 \u00e0 Berlin, en 1808, par Carl Friedrich Zelter 1758-1832. Suivent les chorales de Frankfurt et Dresde 1810, Leipzig 1815, T\u00fcbingen 1816, Magdeburg 1819, Stuttgart 1824. Ces soci\u00e9t\u00e9s sappuient sur un r\u00e9pertoire en langue allemande inspir\u00e9 de po\u00e8mes d\u00e9crivant les vertus germaniques sollicit\u00e9s pour manifester la r\u00e9sistance contre loccupant napol\u00e9onien 1806-1813. Cest le th\u00e8me principal de Das befreite Deutschland, un po\u00e8me de Friedrich Leopold Graf zu Stolberg 1750-1819 qui inspirera en 1815 la cantate Kampf und Sieg opus 44 de Carl Maria Friedrich Ernst von Weber 1786-1826. En 1839, les Liedertafeln se rassemblent au sein dune f\u00e9d\u00e9ration, la Vereinigte Liedertafel, v\u00e9ritable mouvement national ouvrant l\u00e8re du Chorgesang, \u00e0 savoir une musique chorale \u00e9labor\u00e9e s\u00e9loignant progressivement de la composition chorale fran\u00e7aise postr\u00e9volutionnaire caract\u00e9ris\u00e9e par sa simplicit\u00e9. Ces institutions marquent surtout la naissance dun nouveau type de musique chorale, dores et d\u00e9j\u00e0 qualifi\u00e9e de romantique : Liebeslied pour quatre voix \u00e9gales ou mixtes qui associent le chant \u00e0 lexpression des sentiments. Franz Schubert 1797-1828 en \u00e9crit quelques-uns. Robert Schumann 1810-1856 d\u00e9veloppera la forme entre 1841 et 1846. \u00c0 partir de 1850, Johannes Brahms lui conf\u00e9rera un format plus diversifi\u00e9. Au cours du XIX e si\u00e8cle, ce mouvement choral dinspiration nationale ne se limite pas aux pays germaniques. Il concerne \u00e9galement la France, o\u00f9 se d\u00e9veloppe un mouvement similaire, celui les Orf\u00e9ons 25.   Merci \u00e0 Christian BASSOT davoir permis lorganisation du Feztivoix \u00e0 Clermont-Ferrand en 2017. Il transmet le flambeau pour de prochain Feztivoix en Puy de D\u00f4me. Toutes les infos sur la prochaine \u00e9dition de Voix sur Berges,le festival de chant \u00e0 cappella. Le 30 juin 2019. Cette ann\u00e9e encore, plus de 180 chorales et 5000 chanteurs seront au rendez-vous. La Soci\u00e9t\u00e9 assure \u00e0 lUtilisateur une collecte et un traitement dinformations personnelles dans le respect de la vie priv\u00e9e conform\u00e9ment \u00e0 la loi n78-17 du 6 janvier 1978 relative \u00e0 linformatique, aux fichiers et aux libert\u00e9s. Pour vous mettre dans nos secrets, ou plut\u00f4t au courant de nos projets \u00e0 plus long terme, nous avions lintention de vous proposer un atelier de chants de la Renaissance pour lan prochain : celui-ci est donc report\u00e9 dun an, ce sera latelier que nous esp\u00e9rons emmener aux Choralies de 2022! <img decoding=\"async\" src=\"http:\/\/daac.ac-creteil.fr\/IMG\/jpg\/festivalchoral2.jpg\" alt=\"rencontre chorales ile de france\" align=\"center\"> <img decoding=\"async\" src=\"http:\/\/cache.media.eduscol.education.fr\/image\/Domaines_artistiques\/82\/2\/photo_1er_juin_batiment_PP_985822.jpg\" alt=\"rencontre chorales ile de france\" align=\"right\"> LAcad\u00e9mie de musique du Palais royal, anim\u00e9e par Jean-Philippe Sarcos, se consacre \u00e0 d\u00e9velopper le go\u00fbt et la pratique de la musique classique aupr\u00e8s de jeunes de 18 \u00e0 30 ans. Chaque ann\u00e9e, ils sont plus de 300 jeunes \u00e0 sinscrire, issus de 30 nationalit\u00e9s diff\u00e9rentes. Elle regroupe 300 jeunes au sein dun orchestre symphonique et de deux ch\u0153urs de niveaux progressifs. Ces trois ensembles sont encadr\u00e9s par des musiciens professionnels dans un esprit dexigence, de qualit\u00e9 et de d\u00e9couverte musicale. Le document Vigipirate sapplique aux \u00e9coles et \u00e9tablissements hors Ile-de-France Archives Chorale rentr\u00e9e 2018 : quel financement pour le nouvel enseignement facultatif?-SNES une troupe dune vingtaine de choristes qui existe depuis plus de 20 ans.  Ce projet est soutenu par lacad\u00e9mie de Versailles lInspection p\u00e9dagogique r\u00e9gionale en Education musicale, la D\u00e9l\u00e9gation acad\u00e9mique \u00e0 laction culturelle, la Direction des services d\u00e9partementaux de lEducation nationale de lEssonne en partenariat avec le Conseil D\u00e9partemental de lEssonne. Vendredi 6 d\u00e9cembre 2013 : \u00c9glise Saint-Eustache \u00e0 Paris 1 er Visitez notre site https:crochesenchoeur.choralia.fr Claudine Hubert 42 rue des Renaudieres 44100 NANTEST\u00e9l\u00e9phone : 02 28 07 96 74 Mail : Vendredi 19 d\u00e9cembre 2014 : \u00c9glise Notre-Dame des Roses \u00e0 Grisy-Suisnes <img decoding=\"async\" src=\"http:\/\/files.lylo.fr\/event\/poster\/5ab13e446c6f630f82c52b00\/big_l-emeute-philharmonique-de-sec-1.jpg\" alt=\"rencontre chorales ile de france\" align=\"left\"> Bonjour \u00e0 tous, Je suis chanteuse soprano colorature ayant un bon niveau DEM et je recherche un r\u00f4le r\u00e9mun\u00e9r\u00e9 dans une op\u00e9rette. Je peux me d\u00e9placer dans toute la France. Nh\u00e9sitez pas \u00e0 me demander mon curriculum vitae pour plus dinformations. Soizic PERRIGAULT.<\/p>\n","protected":false},"excerpt":{"rendered":"<p>rencontre chorales ile de france<\/p>\n","protected":false},"author":1,"featured_media":0,"comment_status":"closed","ping_status":"closed","sticky":false,"template":"","format":"standard","meta":{"footnotes":""},"categories":[1],"tags":[],"class_list":["post-14432","post","type-post","status-publish","format-standard","hentry","category-uncategorized"],"_links":{"self":[{"href":"http:\/\/latinexport.us\/blogg\/wp-json\/wp\/v2\/posts\/14432","targetHints":{"allow":["GET"]}}],"collection":[{"href":"http:\/\/latinexport.us\/blogg\/wp-json\/wp\/v2\/posts"}],"about":[{"href":"http:\/\/latinexport.us\/blogg\/wp-json\/wp\/v2\/types\/post"}],"author":[{"embeddable":true,"href":"http:\/\/latinexport.us\/blogg\/wp-json\/wp\/v2\/users\/1"}],"replies":[{"embeddable":true,"href":"http:\/\/latinexport.us\/blogg\/wp-json\/wp\/v2\/comments?post=14432"}],"version-history":[{"count":1,"href":"http:\/\/latinexport.us\/blogg\/wp-json\/wp\/v2\/posts\/14432\/revisions"}],"predecessor-version":[{"id":14433,"href":"http:\/\/latinexport.us\/blogg\/wp-json\/wp\/v2\/posts\/14432\/revisions\/14433"}],"wp:attachment":[{"href":"http:\/\/latinexport.us\/blogg\/wp-json\/wp\/v2\/media?parent=14432"}],"wp:term":[{"taxonomy":"category","embeddable":true,"href":"http:\/\/latinexport.us\/blogg\/wp-json\/wp\/v2\/categories?post=14432"},{"taxonomy":"post_tag","embeddable":true,"href":"http:\/\/latinexport.us\/blogg\/wp-json\/wp\/v2\/tags?post=14432"}],"curies":[{"name":"wp","href":"https:\/\/api.w.org\/{rel}","templated":true}]}}