{"id":14440,"date":"2020-10-18T07:30:58","date_gmt":"2020-10-18T07:30:58","guid":{"rendered":"http:\/\/latinexport.us\/blogg\/?p=14440"},"modified":"2020-10-06T15:53:44","modified_gmt":"2020-10-06T15:53:44","slug":"rencontre-cerf-volant-berck-sur-mer","status":"publish","type":"post","link":"http:\/\/latinexport.us\/blogg\/2020\/10\/18\/rencontre-cerf-volant-berck-sur-mer\/","title":{"rendered":"Rencontre Cerf Volant Berck Sur Mer"},"content":{"rendered":"<p>1i\u00e8re \u00e9dition de lOPEN de Saint-Auban et conviviale de cerf-volant les 2 et 3 novembre 2019. Les Rencontres internationales de cerfs-volants RICV est un \u00e9v\u00e9nement organis\u00e9 chaque ann\u00e9e depuis sur la plage de dans le. 14 h-18 h : M\u00e9gateams, d\u00e9monstration des d\u00e9l\u00e9gations, jardin du vent, expositions, ateliers de fabrication, animations, \u00e9cole de pilotage, village du tourisme <img decoding=\"async\" src=\"http:\/\/come4news2.societedeservices.com\/wp-content\/uploads\/2007\/04\/08_cerf-volant_bouddah.jpg\" alt=\"rencontre cerf volant berck sur mer\" align=\"center\"> Cest triste que lon d\u00e9truit presque tout mais.. Visite assur\u00e9e sous r\u00e9serve dun minimum de participants.. Les Rencontres Internationales de Cerfs-Volants en photos Des milliers de cerfs-volants dans le ciel de Berck-sur-mer 32 emes Rencontres internationales de Cerfs Volants \u00e0 Berck sur Mer-Canal FM  J aime beaucoup les personnes \u00e2g\u00e9es. Par ce que ils.. Le d\u00e9put\u00e9 de la 7e circonscription travaille sur limpact du Brexit sur la fili\u00e8re p\u00eache <img decoding=\"async\" src=\"http:\/\/www.oukankoi.fr\/wp-content\/uploads\/2017\/02\/4.jpg\" alt=\"rencontre cerf volant berck sur mer\" align=\"right\"> Vous souhaitez enregistrer cette card? Cr\u00e9ez ou connectez-vous \u00e0 votre compte voyageur afin de planifier votre voyage avec Google maps et Agenda en cliquant ci-dessous: Detects problems and win points for becoming VIP Member  <img decoding=\"async\" src=\"http:\/\/miztral.free.fr\/www\/images\/stories\/Affiches_festivals\/affiche_rouvroy_2011.jpg\" alt=\"rencontre cerf volant berck sur mer\" align=\"right\"> Lhoraire de retour na pas \u00e9t\u00e9 respect\u00e9 mais nest en aucun cas de la faute du chauffeur. En revanche son temps de conduite a \u00e9t\u00e9 respect\u00e9 avec relais dun autre chauffeur Parfait. The website is temporarily unable to service your request as it exceeded resource limit. Le phoque veau-marin est le plus petit des deux esp\u00e8ces de phoques, il se reconnait \u00e0 sa t\u00eate ronde et \u00e0 ses narines en forme de V. Lille Berck-sur-Mer fait la f\u00eate aux cerfs-volants Je retombe en enfance chaque ann\u00e9e quand je vois les cerfs volants, avec lodeur sur lesplanade des chichi, des barbes \u00e0 papa et des glaces! Sympathique et inattendue rencontre, lautre matin, au d\u00e9tour dun chemin du H\u00e2ble dAult Picardie, avec une famille de chardonnerets \u00e9l\u00e9gants, mont\u00e9e \u00e0 lassaut dun buisson de chardons en fleurs. .<\/p>\n","protected":false},"excerpt":{"rendered":"<p>rencontre cerf volant berck sur mer<\/p>\n","protected":false},"author":1,"featured_media":0,"comment_status":"closed","ping_status":"closed","sticky":false,"template":"","format":"standard","meta":{"footnotes":""},"categories":[1],"tags":[],"class_list":["post-14440","post","type-post","status-publish","format-standard","hentry","category-uncategorized"],"_links":{"self":[{"href":"http:\/\/latinexport.us\/blogg\/wp-json\/wp\/v2\/posts\/14440","targetHints":{"allow":["GET"]}}],"collection":[{"href":"http:\/\/latinexport.us\/blogg\/wp-json\/wp\/v2\/posts"}],"about":[{"href":"http:\/\/latinexport.us\/blogg\/wp-json\/wp\/v2\/types\/post"}],"author":[{"embeddable":true,"href":"http:\/\/latinexport.us\/blogg\/wp-json\/wp\/v2\/users\/1"}],"replies":[{"embeddable":true,"href":"http:\/\/latinexport.us\/blogg\/wp-json\/wp\/v2\/comments?post=14440"}],"version-history":[{"count":1,"href":"http:\/\/latinexport.us\/blogg\/wp-json\/wp\/v2\/posts\/14440\/revisions"}],"predecessor-version":[{"id":14441,"href":"http:\/\/latinexport.us\/blogg\/wp-json\/wp\/v2\/posts\/14440\/revisions\/14441"}],"wp:attachment":[{"href":"http:\/\/latinexport.us\/blogg\/wp-json\/wp\/v2\/media?parent=14440"}],"wp:term":[{"taxonomy":"category","embeddable":true,"href":"http:\/\/latinexport.us\/blogg\/wp-json\/wp\/v2\/categories?post=14440"},{"taxonomy":"post_tag","embeddable":true,"href":"http:\/\/latinexport.us\/blogg\/wp-json\/wp\/v2\/tags?post=14440"}],"curies":[{"name":"wp","href":"https:\/\/api.w.org\/{rel}","templated":true}]}}