{"id":14478,"date":"2020-10-18T09:36:53","date_gmt":"2020-10-18T09:36:53","guid":{"rendered":"http:\/\/latinexport.us\/blogg\/?p=14478"},"modified":"2020-10-06T17:06:45","modified_gmt":"2020-10-06T17:06:45","slug":"gabriel-faure-rencontre","status":"publish","type":"post","link":"http:\/\/latinexport.us\/blogg\/2020\/10\/18\/gabriel-faure-rencontre\/","title":{"rendered":"Gabriel Faure Rencontre"},"content":{"rendered":"<p>Gabriel Faur\u00e9 1845-1924 Biographie r\u00e9sum\u00e9e Gabriel Concert Jeunes Talents-SCHULHOFF, CHARDON, FAUR\u00c9, SCHUBERT, MELLITS-La prise de rendez-vous est obligatoire, soit par mail, soit par t\u00e9l\u00e9phone Dans notre monde moderne assourdissant et agit\u00e9, la musique de Faur\u00e9 est une d\u00e9lectation, une jouvence, un ressourcement continu. Aujourdhui plus que jamais. 49m54s 21:34:02 Cest le r\u00e9sultat dun r\u00e9cent sondage. Le confinement a \u00e9t\u00e9 propice \u00e0 la r\u00e9flexion pour bien des cadres. Selon Cadremploi qui a sond\u00e9 1130 cadres, ils sont pr\u00e8s de la moiti\u00e9 \u00e0 avoir entam\u00e9 une r\u00e9flexion sur leur lieu dhabitation apr\u00e8s cette crise sanitaire. Et dans le classement des vingt villes o\u00f9 il fait bon vivre et.. Journ\u00e9e 2 et BadA Broc Badminton Club de lHermitage et du Tournonais Ces derni\u00e8res semaines lon assiste \u00e0 une stabilisation des chiffres li\u00e9s \u00e0 la pand\u00e9mie du coronavirus. Une situation qui am\u00e8ne lAutorit\u00e9 \u00e0 envisager louverture des fronti\u00e8res et la reprise normale. Oui. Jai sorti fin 2018 mon enregistrement Paris 1900 d\u00e9di\u00e9 \u00e0 la musique fran\u00e7aise et maintenant je reviens vers Beethoven, encore! Je pense que je vais rester dans cet univers-l\u00e0 pendant deux ans, sortir un disque en 2020 et enrichir ma discographie. Sous-menu de la rubrique 2 Les liens privil\u00e9gi\u00e9s avec le monde professionnel et associatif Projection du film La r\u00e9volution des sols vivants de Perrine Bertrand et Yan Grill traitant des impacts de lagriculture intensive et montrant des t\u00e9moignages de nouvelles pratiques agricoles en France. Une conf\u00e9renced\u00e9bat, anim\u00e9e par Bernard Bertran <img decoding=\"async\" src=\"http:\/\/img.over-blog-kiwi.com\/1\/92\/53\/47\/20161220\/ob_a5eb5e_20161216-165623.jpg\" alt=\"gabriel faure rencontre\" align=\"right\"> 2020-Minist\u00e8re de l\u00c9ducation Nationale et de la Jeunesse En France, le confinement a dur\u00e9 56 jours et a profond\u00e9ment perturb\u00e9 le d\u00e9roulement habituel de nos activit\u00e9s, dans le temps et dans lespace. La restriction des d\u00e9placements a r\u00e9v\u00e9l\u00e9 lampleur de la d\u00e9pendance de nos modes de vie \u00e0 la mobilit\u00e9 rapide, fr\u00e9quente et longue distance. Cette hypermobilit\u00e9, d\u00e9j\u00e0 au c\u0153ur de la crise climatique, est la source dinsatisfactions de plus en plus grandes : co\u00fbts, fatigue, d\u00e9sir de ralentissement, de vie en proximit\u00e9Le recul sur lexp\u00e9rience individuelle et collective du confinement permet de nourrir les r\u00e9flexions sur nos aspirations en termes de cadres et de rythmes de vie, pour penser le futur des d\u00e9placements.  \u00c0 lissue de la conf\u00e9rence, M. Zink accompagne les \u00e9l\u00e8ves des deux classes et leurs professeurs pour une photo souvenir sur les marches de la Coupole. Au moment de quitter ma r\u00e9sidence pour me rendre \u00e0 mon Minist\u00e8re afin dassurer le suivi en temps r\u00e9el du d\u00e9roulement de la manifestation, une demi-heure avant que ne d\u00e9bute le rassemblement, jai \u00e9t\u00e9 inform\u00e9 de lexistence dun plan dagression des manifestants, par Monsieur Komikpim BAMNATE D\u00e9put\u00e9 \u00e0 lAssembl\u00e9e Nationale, Secr\u00e9taire G\u00e9n\u00e9ral Adjoint du RPT qui au moment des faits \u00e9tait proche du Colonel Narcisse DJOUA. Il ma dit en substance ceci. Je cite : ce qui va se passer aujourdhui, si demain lopposition demande \u00e0 ses militants de participer \u00e0 une manifestation organis\u00e9e par elle ils refuseraient. Refus\u00e9 quatre ans auparavant, car Ambroise Thomas trouvait sa musique trop Copyright 2019 La Maison des Journalistes-MDJ- Il propose un cursus complet, de linitiation \u00e0 la pratique de haut niveau en passant par lorientation professionnelle. Ouvert \u00e0 tous, le conservatoire Gabriel Faur\u00e9 se veut un lieu vivant et dynamique. Son activit\u00e9 p\u00e9dagogique est prolong\u00e9e par de nombreuses manifestations publiques tout au long de lann\u00e9e-recherche d\u00e9l\u00e9ments biographiques sur les oeuvres travaill\u00e9es. <img decoding=\"async\" src=\"http:\/\/4.bp.blogspot.com\/-9bfAeTwjLCE\/UVAZUDKSm3I\/AAAAAAAAALQ\/oq-Bs8JrRT0\/s1600\/IMG_2760.JPG\" alt=\"gabriel faure rencontre\" align=\"right\"> permet de mieux en profiter. Ainsi, cet album qui regroupe la  Le Conservatoire Gabriel Faur\u00e9 est un lieu denseignement sp\u00e9cialis\u00e9 en musique et th\u00e9\u00e2tre o\u00f9 chacun peut b\u00e9n\u00e9ficier dun encadrement de qualit\u00e9 pour une pratique artistique tant individuelle que collective, choisie parmi toutes les disciplines propos\u00e9es. Sous-menu de la rubrique Cent ans d\u00e9j\u00e0 : un monument, une histoire <img decoding=\"async\" src=\"http:\/\/www.crescendo-magazine.be\/wp-content\/uploads\/2017\/04\/71fhVlMiBoL._SL1200_-400x400.jpg\" alt=\"gabriel faure rencontre\" align=\"right\"> Je souhaite recevoir la Newsletter Durance Luberon Verdon-Destinations Haute-Provence La toute premi\u00e8re cam\u00e9ra du futur dispositif s\u00e9curitaire de la Ville a \u00e9t\u00e9 install\u00e9e hier place Fran\u00e7ois-1er. Premi\u00e8res images en juillet. Au m\u00e9pris des lois \u00e9l\u00e9mentaires de la physique, le son est all\u00e9 beaucoup plus vite que limage, concernant la vid\u00e9o-protection 1 \u00e0 Cognac. Dans les discours des \u00e9lus, le.<\/p>\n","protected":false},"excerpt":{"rendered":"<p>gabriel faure rencontre<\/p>\n","protected":false},"author":1,"featured_media":0,"comment_status":"closed","ping_status":"closed","sticky":false,"template":"","format":"standard","meta":{"footnotes":""},"categories":[1],"tags":[],"class_list":["post-14478","post","type-post","status-publish","format-standard","hentry","category-uncategorized"],"_links":{"self":[{"href":"http:\/\/latinexport.us\/blogg\/wp-json\/wp\/v2\/posts\/14478","targetHints":{"allow":["GET"]}}],"collection":[{"href":"http:\/\/latinexport.us\/blogg\/wp-json\/wp\/v2\/posts"}],"about":[{"href":"http:\/\/latinexport.us\/blogg\/wp-json\/wp\/v2\/types\/post"}],"author":[{"embeddable":true,"href":"http:\/\/latinexport.us\/blogg\/wp-json\/wp\/v2\/users\/1"}],"replies":[{"embeddable":true,"href":"http:\/\/latinexport.us\/blogg\/wp-json\/wp\/v2\/comments?post=14478"}],"version-history":[{"count":1,"href":"http:\/\/latinexport.us\/blogg\/wp-json\/wp\/v2\/posts\/14478\/revisions"}],"predecessor-version":[{"id":14479,"href":"http:\/\/latinexport.us\/blogg\/wp-json\/wp\/v2\/posts\/14478\/revisions\/14479"}],"wp:attachment":[{"href":"http:\/\/latinexport.us\/blogg\/wp-json\/wp\/v2\/media?parent=14478"}],"wp:term":[{"taxonomy":"category","embeddable":true,"href":"http:\/\/latinexport.us\/blogg\/wp-json\/wp\/v2\/categories?post=14478"},{"taxonomy":"post_tag","embeddable":true,"href":"http:\/\/latinexport.us\/blogg\/wp-json\/wp\/v2\/tags?post=14478"}],"curies":[{"name":"wp","href":"https:\/\/api.w.org\/{rel}","templated":true}]}}