{"id":14562,"date":"2020-10-18T01:49:42","date_gmt":"2020-10-18T01:49:42","guid":{"rendered":"http:\/\/latinexport.us\/blogg\/?p=14562"},"modified":"2020-10-06T20:16:18","modified_gmt":"2020-10-06T20:16:18","slug":"rencontres-jardins","status":"publish","type":"post","link":"http:\/\/latinexport.us\/blogg\/2020\/10\/18\/rencontres-jardins\/","title":{"rendered":"Rencontres Jardins"},"content":{"rendered":"<p>Un amoureux de la nature! En effet, la faune et la flore sont des milieux dans lesquels je me suis toujours \u00e9panouis. Cest pour cette raison que jai voulu orienter mon m\u00e9tier vers les parcs et les jardins apr\u00e8s une exp\u00e9rience dans limmobilier. Je suis heureux de pouvoir partager cette passion avec mon associ\u00e9 Quentin. Nous d\u00e9fendons les m\u00eames valeurs pour le jardin : partager notre m\u00e9tier avec nos clients et notre entourage, prot\u00e9ger et pr\u00e9server notre environnement, transmettre notre exp\u00e9rience, valoriser chaque \u00e9l\u00e9ment de la nature et surtout \u00eatre heureux! <img decoding=\"async\" src=\"http:\/\/www.cc-montdesavaloirs.fr\/wp-content\/uploads\/2017\/08\/P1060300-845x321.jpg\" alt=\"rencontres jardins\" align=\"left\"> Larchitecture, les arts plastiques, le design, la mode mais surtout la nature et son incroyable richesse de formes, couleurs et mati\u00e8res sont autant de sources dinspiration gr\u00e2ce auxquelles mon travail rev\u00eat une grande diversit\u00e9. Comptes sociaux Documents simples Documents officiels v\u00e9g\u00e9tation tropicale. Avec le dipl\u00f4me dIng\u00e9nieur en Agriculture de lEcole Sup\u00e9rieure dAgriculture de Purpan E.S.A.P. En poche, il reste quinze ans \u00e0 la t\u00eate de grands domaines  Ces rencontres techniques ont rassembl\u00e9 plus de 40 participants de diff\u00e9rents jardins botaniques, r\u00e9unis \u00e0 la station alpine Joseph Fourier du Lautaret et \u00e0 Villar dAr\u00e8ne, en alternant des d\u00e9bats, des ateliers \u00e0 la station et des sorties terrain. Jardins du prieur\u00e9 dOrsan, Label Jardin remarquable D\u00e9couvrez le coup de coeur de la R\u00e9gion Centre-Val de Loire, nos jardins, la nature apprivois\u00e9e.. 29 parcs et jardins vous accueillent tout particuli\u00e8rement En 2006, Andr\u00e9 Briant a accept\u00e9 de participer \u00e0 une enqu\u00eate historique qui avait pour objectif de recueillir les t\u00e9moignages des acteurs du v\u00e9g\u00e9tal en Anjou. Jaccepte de recevoir par e-mail des actualit\u00e9s sur les Jardins de Broc\u00e9liande <img decoding=\"async\" src=\"http:\/\/www.odeetsens.com\/wp-content\/uploads\/2017\/08\/jardin-enfants.jpg\" alt=\"rencontres jardins\" align=\"right\"> Jaccepte de recevoir des infos, des jeux et des offres privil\u00e8ges du site Parcours inaugural multisite, buissonnier et oc\u00e9anique sur l\u00eele Madame, Port-des-Barques et Saint-Nazaire-sur-Charente le samedi 29 juin et sur l\u00eele dAix le dimanche 30 juin 2019. Humaniste, passionn\u00e9 de voyages, attir\u00e9 par les sciences, discret mais aussi homme de r\u00e9seaux, sinterrogeant sur le monde en devenir, le banquier daffaires Albert Kahn a d\u00e9velopp\u00e9 divers projets au service de la soci\u00e9t\u00e9 pour permettre la connaissance du monde et de ses populations \u00e0 lheure des changements du d\u00e9but du XXe si\u00e8cle r\u00e9volution des transports, urbanisation, industrialisation, colonisation, mondialisation. Permaculteur dans l\u00e2me \u00e0 l\u00e9co lieu de la Flocelli\u00e8re : La LIBAIRTERRE, cr\u00e9ation en cours dun \u00e9co-lieu avec accueil pour touriste et woofeur, auto-construction dhabitat, phyto-\u00e9puration, salle danimation culturelle, orga de conf\u00e9rence, r\u00e9serve deau, ma\u00e7onnerie de po\u00eble rocket, enduit chauxchanvre, ma\u00e7onnerie de pierres.. Transmettre mes connaissances Cepuis plus de huit ans pour mes premi\u00e8res butes en jardin, toilette s\u00e8che de puis 10 ans, utilisation euau de pluie, pour limiter ma consommation et mon impact sur notre M\u00e8re Terre Back Rocket en ard\u00e8che avec Yassin Dach Ces derniers jours plusieurs pays ont adopt\u00e9 le d\u00e9confinement de leur population, qui a \u00e9t\u00e9 suivi par la r\u00e9ouverture de nombreux commerces. En France, de nombreuses restrictions ont \u00e9t\u00e9 lev\u00e9es, en particulier dans les zones vertes depuis le 2 Juin. Jardins, parcs, mus\u00e9es, bars, restaurants et h\u00f4tels.. La vie reprend doucement en France et si vous profitiez de l\u00e9t\u00e9 pour explorez nos belles r\u00e9gions? <img decoding=\"async\" src=\"http:\/\/img.over-blog.com\/281x500\/3\/66\/01\/72\/idees-jardins\/IMGP7781.JPG\" alt=\"rencontres jardins\" align=\"right\"> Retrouvez chaque trimestre, \u00e0 c\u00f4t\u00e9 de notre Grand angle, 3 nouvelles rubriques : Rencontres et D\u00e9couvertes anciennement : Jardins, Portrait et les Livres et nous Conseils et techniques : Paroles dexperts et Nos conseils pratiques. Sciences et plante : Histoire de plantes, botanique et A laff\u00fbt des connaissances Retrouvez avec le plan ci-dessous les commerces, les services et les transports les plus proches de la r\u00e9sidence. De nombreuses participations \u00e0 divers \u00e9v\u00e9nements ou rencontres organis\u00e9s par la municipalit\u00e9, les comit\u00e9s de quartier, la Maison du Grand Cerf, les march\u00e9s nocturnes, les quartiers d\u00e9t\u00e9 Dangereuses lectrices Club de lecture f\u00e9ministe RDV4C  Pour agr\u00e9menter ou approfondir la visite, des m\u00e9diateurs sont pr\u00e9sents dans la Galerie des Enfants. Jusquau 14 juin 2020 Invitation aux peintres vosgiens.. La deuxi\u00e8me proposition veut critiquer notre n\u00e9gligence vis-\u00e0-vis de lenvironnement. Les \u00e9tudiants mettent ici en question lutilisation de la machine \u00e0 caf\u00e9. \u00c0 l\u00e9cole de Lyon, la caf\u00e9t\u00e9ria nouvre qu\u00e0 10 h 30, donc avant ce temps, la machine \u00e0 caf\u00e9 prend le relais avec un nombre incalculable de gobelets qui sont consomm\u00e9s. Lobjectif \u00e9tait demp\u00eacher les utilisateurs de jeter leur gobelet et de leur faire prendre conscience de leur stupidit\u00e9 face \u00e0 cet objet quils narriveraient pas \u00e0 jeter : Ten fais quoi de ton emballage? Au d\u00e9part, les \u00e9tudiants souhaitaient condamner les poubelles, id\u00e9e que les services logistiques de l\u00e9cole ont refus\u00e9e ; entre alors en ligne de compte la faisabilit\u00e9 des projets face au r\u00e9el et aux r\u00e9sistances humaines. Au final, au lieu de condamner les poubelles, ils d\u00e9cident au contraire de les esth\u00e9tiser en transformant le comptoir du bar de l\u00e9cole en caverne lumineuse. En rendant lobjet poubelle magnifique, le geste de jeter son gobelet devient presque d\u00e9risoire.  Stimulant le corps via les sensations ou leffort physique et lesprit par un travail sur la m\u00e9moire, le jardin est reconnu comme un outil th\u00e9rapeutique favorisant la sant\u00e9 et le bien-\u00eatre de la personne \u00e2g\u00e9e. Comment ces jardins th\u00e9rapeutiques sont-ils agenc\u00e9s? Quelles activit\u00e9s y sont propos\u00e9es? Petit tour dhorizon de la question \u00e0 travers deux initiatives. Premium Vals de Saintonge : les jardins, lieux de rencontres La Soci\u00e9t\u00e9 Centrale dHorticulture de Nancy, une jeunesse de 140 ans.<\/p>\n","protected":false},"excerpt":{"rendered":"<p>rencontres jardins<\/p>\n","protected":false},"author":1,"featured_media":0,"comment_status":"closed","ping_status":"closed","sticky":false,"template":"","format":"standard","meta":{"footnotes":""},"categories":[1],"tags":[],"class_list":["post-14562","post","type-post","status-publish","format-standard","hentry","category-uncategorized"],"_links":{"self":[{"href":"http:\/\/latinexport.us\/blogg\/wp-json\/wp\/v2\/posts\/14562","targetHints":{"allow":["GET"]}}],"collection":[{"href":"http:\/\/latinexport.us\/blogg\/wp-json\/wp\/v2\/posts"}],"about":[{"href":"http:\/\/latinexport.us\/blogg\/wp-json\/wp\/v2\/types\/post"}],"author":[{"embeddable":true,"href":"http:\/\/latinexport.us\/blogg\/wp-json\/wp\/v2\/users\/1"}],"replies":[{"embeddable":true,"href":"http:\/\/latinexport.us\/blogg\/wp-json\/wp\/v2\/comments?post=14562"}],"version-history":[{"count":1,"href":"http:\/\/latinexport.us\/blogg\/wp-json\/wp\/v2\/posts\/14562\/revisions"}],"predecessor-version":[{"id":14563,"href":"http:\/\/latinexport.us\/blogg\/wp-json\/wp\/v2\/posts\/14562\/revisions\/14563"}],"wp:attachment":[{"href":"http:\/\/latinexport.us\/blogg\/wp-json\/wp\/v2\/media?parent=14562"}],"wp:term":[{"taxonomy":"category","embeddable":true,"href":"http:\/\/latinexport.us\/blogg\/wp-json\/wp\/v2\/categories?post=14562"},{"taxonomy":"post_tag","embeddable":true,"href":"http:\/\/latinexport.us\/blogg\/wp-json\/wp\/v2\/tags?post=14562"}],"curies":[{"name":"wp","href":"https:\/\/api.w.org\/{rel}","templated":true}]}}