{"id":14582,"date":"2020-10-18T13:56:01","date_gmt":"2020-10-18T13:56:01","guid":{"rendered":"http:\/\/latinexport.us\/blogg\/?p=14582"},"modified":"2020-10-06T20:54:09","modified_gmt":"2020-10-06T20:54:09","slug":"rencontres-juridiques-des-collectivites-territoriales","status":"publish","type":"post","link":"http:\/\/latinexport.us\/blogg\/2020\/10\/18\/rencontres-juridiques-des-collectivites-territoriales\/","title":{"rendered":"Rencontres Juridiques Des Collectivit\u00e9s Territoriales"},"content":{"rendered":"<p>Nos solutions sadaptent \u00e0 votre entreprise, pas linverse  Les possibilit\u00e9s de mutualisation sav\u00e8rent d\u00e9sormais multiples pour les collectivit\u00e9s souhaitant sengager dans une telle d\u00e9marche. 09-02-18 : R\u00e9action du commerce de gros \u00e0 la reprise annonc\u00e9e du trafic La matin\u00e9e sera ouverte par Michel Hiriart, Pr\u00e9sident de la FNCDG, et conclue par Dominique Bussereau, Ancien Ministre et Pr\u00e9sident de lADF. Elle sera loccasion pour lensemble des participants de sinterroger sur la place et l\u00e9volution du dialogue social local, \u00e0 travers la tenue de deux tables rondes : La CGI participe depuis le d\u00e9but du conflit social d\u00e9but d\u00e9cembre \u00e0 la Cellule de continuit\u00e9 \u00e9conomique mise en place par Bercy et destin\u00e9e \u00e0 faciliter la remont\u00e9e dinformations.. 03 mai 2017 SADJAV : Quest ce quun espace de rencontre parents-enfants? A loccasion de crises ou de ruptures familiales graves, les espaces de rencontre ont pour fonction daider au maintien ou au r\u00e9tablissement des liens entre enfants et parents. <img decoding=\"async\" src=\"http:\/\/www.cnajep.asso.fr\/i\/region\/Invitation-d%C3%A9bat-Education-populaire-12-avril-2013(1).jpg\" alt=\"rencontres juridiques des collectivit\u00e9s territoriales\" align=\"right\"> Une \u00e9tude a \u00e9t\u00e9 men\u00e9e sur l\u00e9galit\u00e9 professionnelle par le CIG petite couronne, \u00e0 partir des donn\u00e9es des rapports sur l\u00e9tat de la collectivit\u00e9 REC au 31 d\u00e9cembre 2017. Il en ressort que, \u00e0 cette date, plus de 6 agents sur 10 occupant un emploi permanent sont des femmes. De fa\u00e7on g\u00e9n\u00e9rale, si les.. DOSSIER SP\u00c9CIAL H\u00c9BERGEMENT CONGR\u00c8S COORACE 2016 Alerte Vous pr\u00e9voyez de participer au Congr\u00e8s COORACE 2016? Nous vous proposons de r\u00e9server au plus vite votre h\u00e9bergement. En effet les capacit\u00e9s d accueil Aucun point-cl\u00e9 na \u00e9t\u00e9 d\u00e9fini pour ce fascicule. _________________________________________________________________ Afin de r\u00e9pondre au mieux \u00e0 vos attentes, un accompagnement individualis\u00e9 sur le terrain est propos\u00e9. Ensuite, il sagira de mobiliser les donn\u00e9es, la puissance de calcul et bien s\u00fbr, lintelligence humaine dont on nest pas pr\u00eat de se passer. Cest plut\u00f4t rassurant, non? Dune part, la coop\u00e9ration transfrontali\u00e8re peut amener \u00e0 travailler ensemble des collectivit\u00e9s locales d\u00e9pourvues de pouvoirs l\u00e9gislatifs, \u00e0 linstar des collectivit\u00e9s locales fran\u00e7aises communes, d\u00e9partements et r\u00e9gions ou allemandes communes et groupements de communes-Gemeindeverb\u00e4nde-comme les arrondissements, les provinces de Rh\u00e9nanie du Nord Westphalie et les districts bavarois. Placez al\u00e9atoirement les participants pour favoriser les nouveaux groupes ; <img decoding=\"async\" src=\"http:\/\/www.mdh-limoges.org\/IMG\/png\/rubon56.png\" alt=\"rencontres juridiques des collectivit\u00e9s territoriales\" align=\"left\"> <img decoding=\"async\" src=\"http:\/\/www.forumjazz.com\/avec\/img\/2017_rencontre_one.jpg\" alt=\"rencontres juridiques des collectivit\u00e9s territoriales\" align=\"center\"> collectivit\u00e9s locales sur tel ou tel aspect dun dossier juridique  Flash info reprise dactivit\u00e9 d\u00e9confinement document \u00e0 t\u00e9l\u00e9charger EC 7 Les ressources humaines des collectivit\u00e9s territoriales .<\/p>\n","protected":false},"excerpt":{"rendered":"<p>rencontres juridiques des collectivit\u00e9s territoriales<\/p>\n","protected":false},"author":1,"featured_media":0,"comment_status":"closed","ping_status":"closed","sticky":false,"template":"","format":"standard","meta":{"footnotes":""},"categories":[1],"tags":[],"class_list":["post-14582","post","type-post","status-publish","format-standard","hentry","category-uncategorized"],"_links":{"self":[{"href":"http:\/\/latinexport.us\/blogg\/wp-json\/wp\/v2\/posts\/14582","targetHints":{"allow":["GET"]}}],"collection":[{"href":"http:\/\/latinexport.us\/blogg\/wp-json\/wp\/v2\/posts"}],"about":[{"href":"http:\/\/latinexport.us\/blogg\/wp-json\/wp\/v2\/types\/post"}],"author":[{"embeddable":true,"href":"http:\/\/latinexport.us\/blogg\/wp-json\/wp\/v2\/users\/1"}],"replies":[{"embeddable":true,"href":"http:\/\/latinexport.us\/blogg\/wp-json\/wp\/v2\/comments?post=14582"}],"version-history":[{"count":1,"href":"http:\/\/latinexport.us\/blogg\/wp-json\/wp\/v2\/posts\/14582\/revisions"}],"predecessor-version":[{"id":14583,"href":"http:\/\/latinexport.us\/blogg\/wp-json\/wp\/v2\/posts\/14582\/revisions\/14583"}],"wp:attachment":[{"href":"http:\/\/latinexport.us\/blogg\/wp-json\/wp\/v2\/media?parent=14582"}],"wp:term":[{"taxonomy":"category","embeddable":true,"href":"http:\/\/latinexport.us\/blogg\/wp-json\/wp\/v2\/categories?post=14582"},{"taxonomy":"post_tag","embeddable":true,"href":"http:\/\/latinexport.us\/blogg\/wp-json\/wp\/v2\/tags?post=14582"}],"curies":[{"name":"wp","href":"https:\/\/api.w.org\/{rel}","templated":true}]}}