{"id":14594,"date":"2020-10-18T01:49:10","date_gmt":"2020-10-18T01:49:10","guid":{"rendered":"http:\/\/latinexport.us\/blogg\/?p=14594"},"modified":"2020-10-06T21:29:19","modified_gmt":"2020-10-06T21:29:19","slug":"rencontres-colorees-annecy","status":"publish","type":"post","link":"http:\/\/latinexport.us\/blogg\/2020\/10\/18\/rencontres-colorees-annecy\/","title":{"rendered":"Rencontres Colorees Annecy"},"content":{"rendered":"<p>En dehors du saloon, se trouvent des personnes telles que le, v\u00eatu de noir, pr\u00e9sent d\u00e8s quun homme seffondre, et qui parcourt de sa sombre allure les rues des villages \u00e0 bord de son tir\u00e9 par un cheval noir squelettique, souvent complice des bandits par int\u00e9r\u00eat commercial et se lamentant en cas de baisse ou absence de criminalit\u00e9. Le grand-p\u00e8re sur son, quil manie habilement, et bien souvent arm\u00e9 dun vieux. Le toujours de petite taille et dorigine, est discret, modeste et parle un langage incompr\u00e9hensible compos\u00e9 de figures de styles st\u00e9r\u00e9otyp\u00e9es. Le banquier et sa, les dames de la haute arm\u00e9es de leur, lagent du toujours distrait, les sans cesse aux aguets apparaissent \u00e9galement de mani\u00e8re r\u00e9currente. Mutation, d\u00e9tachement, sur liste daptitude, \u00e0 d\u00e9faut contrat. Dans le contexte de crise sanitaire qui nous oblige \u00e0 maintenir la distanciation physique et \u00e0   Arts, spectacles Arts, spectacles Activit\u00e9s cr\u00e9atives, artistiques et de spectacle Cr\u00e9ation artistique Autre cr\u00e9ation artistique Jour 2: parapente \u00e0 Annecy, les gorges du Fier et nuit insolite <img decoding=\"async\" src=\"http:\/\/img.over-blog-kiwi.com\/1\/48\/84\/43\/20161031\/ob_b9b1b7_30102016-img-7347.jpg\" alt=\"rencontres colorees annecy\" align=\"left\"> Tourn\u00e9 pendant la 1re r\u00e9sidence darchitecte et cin\u00e9astes de la Maison de larchitecture de Haute-Savoie, au haras dAnnecy, de mai \u00e0 septembre 2019, ce court-m\u00e9trage a \u00e9t\u00e9 r\u00e9alis\u00e9 avec la participation des habitants, cr\u00e9ant une formidable aventure humaine do\u00f9 la l\u00e9gende du haras a surgi. \u00c9crit \u00e0 partir dune collecte de t\u00e9moignages et danecdotes aupr\u00e8s dhabitants et dateliers d\u00e9criture, il a \u00e9t\u00e9 tourn\u00e9 \u00e0 Annecy et dans le haras. Il int\u00e8gre subtilement l\u00e9tranget\u00e9 et limaginaire en introduisant des images anim\u00e9es en papier d\u00e9coup\u00e9, stop motion ou compositing, qui mettent en mouvement larchitecture du Haras. 2020 Copyrights The Familiz All Rights Reserved La gare centrale dAnnecy se trouve \u00e0 5 minutes \u00e0 pied du centre ville. La mission de centralit\u00e9 de la MJC Novel sarticule autour du Cin\u00e9ma, par le d\u00e9veloppement dactions de diffusion et de formation des jeunes et du public. Organisateur du festival Cin\u00e9mino vacances de f\u00e9vrier et participe au festival Petit Patapon th\u00e9\u00e2tre au printemps. Remi\u00e8re \u00e0 gauche, apr\u00e8s le 1er rond point poursuivre encore sur 1 km, d\u00e8s que vous rep\u00e9rez un espace o\u00f9 la verdure reprend quelque peu ses droits Vous y \u00eates! <img decoding=\"async\" src=\"http:\/\/simplemisovert.fr\/wp-content\/uploads\/2017\/09\/DSC_0062.jpg\" alt=\"rencontres colorees annecy\" align=\"center\"> La collection Christian Lacroix, pr\u00e9sent\u00e9e pour la premi\u00e8re fois en janvier 2011, r\u00e9v\u00e8le lunivers du cr\u00e9ateur \u00e0 travers des tissus dameublement au m\u00e8tre et doriginaux panneaux de tissus. Elle contient \u00e9galement des coussins, papier peint et des tapis Christian Lacroix. Passionn\u00e9e de Photographie depuis ma tendre enfance, et apr\u00e8s une licence en arts de la sc\u00e8ne, sp\u00e9cialis\u00e9e en photographie, je suis partie un an aux \u00e9tats unis. Depuis je ne r\u00eave que de voyages, que de partir \u00e0 lautre bout du monde. Alors d\u00e8s que possible, je prends mon appareil photo, mon billet davion, et je men vais l\u00e0 o\u00f9 mes coups de c\u0153ur memm\u00e8neront.  Putain de bordel.. Pleins de camping car sur arith, tout juste si jai pu me garer!! \u03c7\u03b1\u03b6\u03b5\u03c2 \u03b5\u03c1\u03c9\u03c4\u03b7\u03c3\u03b5\u03b9\u03c2 \u03ba\u03bf\u03c5\u03c6\u03b5\u03c2 \u03b1\u03c0\u03b1\u03bd\u03c4\u03b7\u03c3\u03b5\u03b9\u03c2 \u03bc\u03b5 \u03c0\u03b5\u03b9\u03c1\u03ac\u03b6\u03b5\u03b9 \u03ba\u03b9\u03b8\u03ac\u03c1\u03b1 Concernant le co\u00fbt de lannulation du festival physique, M. Lescure estime que le manque \u00e0 gagner pourrait se situer entre 5 et 10 millions deuros 7,55 et 15 millions. Mais il souligne que la fa\u00e7on dont le festival a structur\u00e9 ses finances et sa tr\u00e9sorerie en instaurant un fonds de dotation le met \u00e0 labri. Ce fonds est dot\u00e9 denviron 20 millions deuros 30 millions, poursuit-il en estimant que le festival ne sera jamais une machine commerciale. Les transmissions avec lEurope \u00e9taient parfois difficiles, au point que pour \u00e9conomiser des, Morris dessine pendant quelque temps ses planches recto-verso. De ce fait, une planche nest pas parue, ni dans le journal ni en album, les photograveurs des \u00e9ditions Dupuis ne s\u00e9tant pas aper\u00e7us que le verso avait aussi \u00e9t\u00e9 utilis\u00e9. <img decoding=\"async\" src=\"http:\/\/4.bp.blogspot.com\/-jKJCVI1DGuA\/WNob44b4nqI\/AAAAAAAAJ1A\/cY022Wopg642Hxw9wwBYalYI4D4XMruPwCK4B\/s1600\/5.png\" alt=\"rencontres colorees annecy\" align=\"center\">.<\/p>\n","protected":false},"excerpt":{"rendered":"<p>rencontres colorees annecy<\/p>\n","protected":false},"author":1,"featured_media":0,"comment_status":"closed","ping_status":"closed","sticky":false,"template":"","format":"standard","meta":{"footnotes":""},"categories":[1],"tags":[],"class_list":["post-14594","post","type-post","status-publish","format-standard","hentry","category-uncategorized"],"_links":{"self":[{"href":"http:\/\/latinexport.us\/blogg\/wp-json\/wp\/v2\/posts\/14594","targetHints":{"allow":["GET"]}}],"collection":[{"href":"http:\/\/latinexport.us\/blogg\/wp-json\/wp\/v2\/posts"}],"about":[{"href":"http:\/\/latinexport.us\/blogg\/wp-json\/wp\/v2\/types\/post"}],"author":[{"embeddable":true,"href":"http:\/\/latinexport.us\/blogg\/wp-json\/wp\/v2\/users\/1"}],"replies":[{"embeddable":true,"href":"http:\/\/latinexport.us\/blogg\/wp-json\/wp\/v2\/comments?post=14594"}],"version-history":[{"count":1,"href":"http:\/\/latinexport.us\/blogg\/wp-json\/wp\/v2\/posts\/14594\/revisions"}],"predecessor-version":[{"id":14595,"href":"http:\/\/latinexport.us\/blogg\/wp-json\/wp\/v2\/posts\/14594\/revisions\/14595"}],"wp:attachment":[{"href":"http:\/\/latinexport.us\/blogg\/wp-json\/wp\/v2\/media?parent=14594"}],"wp:term":[{"taxonomy":"category","embeddable":true,"href":"http:\/\/latinexport.us\/blogg\/wp-json\/wp\/v2\/categories?post=14594"},{"taxonomy":"post_tag","embeddable":true,"href":"http:\/\/latinexport.us\/blogg\/wp-json\/wp\/v2\/tags?post=14594"}],"curies":[{"name":"wp","href":"https:\/\/api.w.org\/{rel}","templated":true}]}}