{"id":14598,"date":"2020-10-18T18:37:15","date_gmt":"2020-10-18T18:37:15","guid":{"rendered":"http:\/\/latinexport.us\/blogg\/?p=14598"},"modified":"2020-10-06T21:32:43","modified_gmt":"2020-10-06T21:32:43","slug":"les-rencontres-arles-photographie-2012","status":"publish","type":"post","link":"http:\/\/latinexport.us\/blogg\/2020\/10\/18\/les-rencontres-arles-photographie-2012\/","title":{"rendered":"Les Rencontres Arles Photographie 2012"},"content":{"rendered":"<p>9 Voir Basso Fossali et Dondero 2011, pour une critique de ces ontologies de la photographie, celle  <img decoding=\"async\" src=\"http:\/\/photography-now.com\/images\/Bilder\/gross\/39041.jpg\" alt=\"les rencontres arles photographie 2012\" align=\"right\">  A partir des ann\u00e9es 1930, 1913-2009 r\u00e9volutionne la photographie de rue en captant les jeux des enfants qui escaladent les fa\u00e7ades \u00e0 New York, se dissimulent le visage avec des masques grotesques pour Halloween, font les pitres, se roulent sur les trottoirs, se battent avec de la farine, sous le regard amus\u00e9 ou indiff\u00e9rent des adultes. A son \u00e9poque, ses coll\u00e8gues d\u00e9noncent les effets d\u00e9vastateurs de la crise \u00e9conomique, en fixant les laiss\u00e9s-pour-compte, les sans-domicile-fixe, les naufrag\u00e9s du syst\u00e8me capitaliste. Source : Temps de lecture estim\u00e9 : 10 min. Scoop\u00e9 le 8 juillet 2019 Mots cl\u00e9s : Photo Folio Review : Laur\u00e9ate : Aurore Valade. Coups de coeur : Haley Morris-Cafiero, Alexandra Lethbridge, Charlotte Abramow, Catherine Leutengger. <img decoding=\"async\" src=\"http:\/\/www.abm-studio.com\/files\/media_file_1210.jpg\" alt=\"les rencontres arles photographie 2012\" align=\"center\"> Dans chaque \u00e9quipe, un pr\u00e9sentateur pr\u00e9pare lintroduction du reportage au moment du direct. Sid Grossman, Coney Island, 1947? Avec laimable autorisation de la Howard Greenberg Gallery. Deux fois par semaine, le P\u00e8re Christophe de Dreuille, sup\u00e9rieur du s\u00e9minaire Saint Luc et directeur de lIUSL, vous propose une lecture approfondie du texte des Actes des Ap\u00f4tres. <img decoding=\"async\" src=\"http:\/\/ninistan.com\/wp-content\/uploads\/2012\/09\/aurore_valade_ritratti_torino_2.jpg\" alt=\"les rencontres arles photographie 2012\" align=\"center\"> Bravo \u00e0 eux pour leur performance et leur participation remarqu\u00e9e aux diff\u00e9rents ateliers. Expositions projections agence r\u00e9sidences festivals Le programme et la fiche dinscription de la Rentr\u00e9e en Images 2013 sont disponibles dans longlet programme et inscriptions. En contre-point, voir le commentaire film\u00e9 dune artiste renomm\u00e9e et amie de Marker donc doublement l\u00e9gitim\u00e9e, Agn\u00e8s Varda Pierrick et Youssi, 2011. N\u00e9 en 1978 en Alg\u00e9rie, Mohamed Bourouissa qui a grandi en r\u00e9gion parisienne, \u00e0 Courbevois, utilise la vid\u00e9o, la photo, le dessin, la sculpture, la performance pour mettre en sc\u00e8ne tous ceux que la soci\u00e9t\u00e9 marginalise, emprisonne ou concentre dans les ghettos des banlieues. Bourouissa ne cherche pas \u00e0 nous tirer des larmes, \u00e0 victimiser ces populations, mais \u00e0 les faire entrer par la grande porte dans lhistoire de lart, en r\u00e9alisant par exemple de magnifiques portraits en couleur de jeunes dans leurs cit\u00e9s en se r\u00e9f\u00e9rant \u00e0 la peinture du Caravage.  N\u00e9 en 1921 \u00e0 Neuilly-sur-Seine. Vit et travaille \u00e0 Paris. 1 juillet 2019 \u00e0 10 h 00 22 septembre 2019 \u00e0 18 h 00 2017 Le blog du tourisme Blog \u00e9dit\u00e9 par la soci\u00e9t\u00e9 Info-Tourisme.<\/p>\n","protected":false},"excerpt":{"rendered":"<p>les rencontres arles photographie 2012<\/p>\n","protected":false},"author":1,"featured_media":0,"comment_status":"closed","ping_status":"closed","sticky":false,"template":"","format":"standard","meta":{"footnotes":""},"categories":[1],"tags":[],"class_list":["post-14598","post","type-post","status-publish","format-standard","hentry","category-uncategorized"],"_links":{"self":[{"href":"http:\/\/latinexport.us\/blogg\/wp-json\/wp\/v2\/posts\/14598","targetHints":{"allow":["GET"]}}],"collection":[{"href":"http:\/\/latinexport.us\/blogg\/wp-json\/wp\/v2\/posts"}],"about":[{"href":"http:\/\/latinexport.us\/blogg\/wp-json\/wp\/v2\/types\/post"}],"author":[{"embeddable":true,"href":"http:\/\/latinexport.us\/blogg\/wp-json\/wp\/v2\/users\/1"}],"replies":[{"embeddable":true,"href":"http:\/\/latinexport.us\/blogg\/wp-json\/wp\/v2\/comments?post=14598"}],"version-history":[{"count":1,"href":"http:\/\/latinexport.us\/blogg\/wp-json\/wp\/v2\/posts\/14598\/revisions"}],"predecessor-version":[{"id":14599,"href":"http:\/\/latinexport.us\/blogg\/wp-json\/wp\/v2\/posts\/14598\/revisions\/14599"}],"wp:attachment":[{"href":"http:\/\/latinexport.us\/blogg\/wp-json\/wp\/v2\/media?parent=14598"}],"wp:term":[{"taxonomy":"category","embeddable":true,"href":"http:\/\/latinexport.us\/blogg\/wp-json\/wp\/v2\/categories?post=14598"},{"taxonomy":"post_tag","embeddable":true,"href":"http:\/\/latinexport.us\/blogg\/wp-json\/wp\/v2\/tags?post=14598"}],"curies":[{"name":"wp","href":"https:\/\/api.w.org\/{rel}","templated":true}]}}