{"id":14610,"date":"2020-10-18T18:24:33","date_gmt":"2020-10-18T18:24:33","guid":{"rendered":"http:\/\/latinexport.us\/blogg\/?p=14610"},"modified":"2020-10-06T21:53:34","modified_gmt":"2020-10-06T21:53:34","slug":"rencontre-parents","status":"publish","type":"post","link":"http:\/\/latinexport.us\/blogg\/2020\/10\/18\/rencontre-parents\/","title":{"rendered":"Rencontre Parents"},"content":{"rendered":"<p>  Cest un lieu provisoire, un lieu de transition o\u00f9 se pr\u00e9pare lavenir afin que des relations changent, \u00e9voluent, dans lid\u00e9e que des rencontres sans interm\u00e9diaire soient, un jour, possibles. <img decoding=\"async\" src=\"http:\/\/www.bourbourg-judo.fr\/wp-content\/uploads\/2017\/06\/100_0147.jpg\" alt=\"rencontre parents\" align=\"center\"> Cette semaine dans Net Plus Ultra, on d\u00e9couvre une application de rencontres pour les plus de cinquante ans, Passions, qui propose pour la f\u00eate des m\u00e8res aux enfants de trouver \u00e0 leur maman ou \u00e0 leur papa c\u00e9libataire leur futur \u00e2me s\u0153ur. Et en vid\u00e9o de la semaine, on rend hommage \u00e0 Grumpy Cat. Co marquage Quest-ce que le co-marquage avec service-public.fr? La 1ere messe des familles est pr\u00e9vue pour le dimanche 7 octobre, en compagnie de l\u00e9veil \u00e0 la foi..et They are intended to suggest to Members possible dates in adequacy with their personality. With the exception of the Members e-mail address, which is mandatory for registration, the Member is under no obligation to provide any other personal data, without effect on the contract. Le 12 mars 2019 sest tenue \u00e0 Vichy la 1 \u00e8re journ\u00e9e collaborative des plateformes handicap rare dAuvergne, co-organis\u00e9e avec lEquipe Relais Handicap Rare de Villeurbanne, sur le th\u00e8me Tous concern\u00e9s pour am\u00e9liorer la qualit\u00e9, la continuit\u00e9 des parcours et lacc\u00e8s aux ressources pour les personnes en situation de handicaps rares et leurs familles. 80 personnes y ont particip\u00e9, professionnels de sant\u00e9, \u00e9ducatifs, travailleurs sociaux, ainsi que des parents, pour y t\u00e9moigner, \u00e9changer sur les probl\u00e9matiques rencontr\u00e9es, \u00e9laborer ensemble des solutions. Ils permettent \u00e0 lenfant de se situer dans son histoire et par rapport \u00e0 ses origines. Ceci doit permettre \u00e0 chacun, adulte et enfant, de reconna\u00eetre sa place et la place de lautre dans la constellation familiale de lenfant. Tags 0 chars 619 array65 items uid 619 3 chars Jessaie de concevoir un b\u00e9b\u00e9 Entrez votre adresse e-mail title RAM-Relais des Assictantes Maternelles du secteur lib\u00e9ral 60 chars <img decoding=\"async\" src=\"http:\/\/p8.storage.canalblog.com\/81\/84\/1053734\/93583042.jpg\" alt=\"rencontre parents\" align=\"right\"> <img decoding=\"async\" src=\"http:\/\/lyc-mermoz-bourges.tice.ac-orleans-tours.fr\/php5\/wp-content\/uploads\/2017\/12\/rencontre-parent-prof1.jpg\" alt=\"rencontre parents\" align=\"right\">  Le 13 juin 2020 Soir\u00e9e propos\u00e9e par Le pavillon bleu.. Une au sujet d u n e rencontre parentsenseignant. Partager ce contenu Created with Sketch. Close Created with Sketch. Partager Direction affaires juridiques et institutionnelles Apr\u00e8s avoir \u00e9t\u00e9 copywriter et auteur pour de nombreuses marques et m\u00e9dias belges et fran\u00e7ais, il sest sp\u00e9cialis\u00e9 dans lactualit\u00e9 des royaut\u00e9s par passion. In addition, the Member has the right to share to the company their instructions on the fate of their data after hisher death.<\/p>\n","protected":false},"excerpt":{"rendered":"<p>rencontre parents<\/p>\n","protected":false},"author":1,"featured_media":0,"comment_status":"closed","ping_status":"closed","sticky":false,"template":"","format":"standard","meta":{"footnotes":""},"categories":[1],"tags":[],"class_list":["post-14610","post","type-post","status-publish","format-standard","hentry","category-uncategorized"],"_links":{"self":[{"href":"http:\/\/latinexport.us\/blogg\/wp-json\/wp\/v2\/posts\/14610","targetHints":{"allow":["GET"]}}],"collection":[{"href":"http:\/\/latinexport.us\/blogg\/wp-json\/wp\/v2\/posts"}],"about":[{"href":"http:\/\/latinexport.us\/blogg\/wp-json\/wp\/v2\/types\/post"}],"author":[{"embeddable":true,"href":"http:\/\/latinexport.us\/blogg\/wp-json\/wp\/v2\/users\/1"}],"replies":[{"embeddable":true,"href":"http:\/\/latinexport.us\/blogg\/wp-json\/wp\/v2\/comments?post=14610"}],"version-history":[{"count":1,"href":"http:\/\/latinexport.us\/blogg\/wp-json\/wp\/v2\/posts\/14610\/revisions"}],"predecessor-version":[{"id":14611,"href":"http:\/\/latinexport.us\/blogg\/wp-json\/wp\/v2\/posts\/14610\/revisions\/14611"}],"wp:attachment":[{"href":"http:\/\/latinexport.us\/blogg\/wp-json\/wp\/v2\/media?parent=14610"}],"wp:term":[{"taxonomy":"category","embeddable":true,"href":"http:\/\/latinexport.us\/blogg\/wp-json\/wp\/v2\/categories?post=14610"},{"taxonomy":"post_tag","embeddable":true,"href":"http:\/\/latinexport.us\/blogg\/wp-json\/wp\/v2\/tags?post=14610"}],"curies":[{"name":"wp","href":"https:\/\/api.w.org\/{rel}","templated":true}]}}