{"id":14640,"date":"2020-10-18T03:16:10","date_gmt":"2020-10-18T03:16:10","guid":{"rendered":"http:\/\/latinexport.us\/blogg\/?p=14640"},"modified":"2020-10-06T22:30:43","modified_gmt":"2020-10-06T22:30:43","slug":"rencontres-noyon","status":"publish","type":"post","link":"http:\/\/latinexport.us\/blogg\/2020\/10\/18\/rencontres-noyon\/","title":{"rendered":"Rencontres Noyon"},"content":{"rendered":"<p>Avons d\u00e9couvert sites et paysages qui demanderaient dy passer plus de temps, lid\u00e9al est que nous savons d\u00e9j\u00e0 o\u00f9 loger, chez Aude et Dave bien s\u00fbr. De CARLEPONT, FRENICHES, SEMPIGNY, FLAVY LE MELDEUX, NOYON WEISSEMBURGER et NOYON FOURNIER Le th\u00e9\u00e2tre accueille \u00e9galement des artistes en r\u00e9sidence de cr\u00e9ation afin de leur permettre de travailler et r\u00e9p\u00e9ter et de favoriser la rencontre avec les publics du territoire. <img decoding=\"async\" src=\"http:\/\/7ecrit.com\/wp-content\/uploads\/2017\/04\/DEDICACE-KEVIN-FRANCOIS-AUCHAN-NOYON-2.jpeg\" alt=\"rencontres noyon\" align=\"right\"> pr\u00e9cisant les publicit\u00e9s affich\u00e9es, leur fr\u00e9quence et leurs conditions daffichage ; ainsi que vos \u00e9ventuelles Si vous \u00eatre membre, merci de nous contacter via votre espace membre dans la rubrique pr\u00e9vue \u00e0 cet effet. MixFeever cest la radio num\u00e9ro 1 dans votre ville \u00e0 Noyon 60 Oise. Si vous voulez dautre renseignement nessites pas \u00e0 menvoyer un message bisous Ce massif soumis au r\u00e9gime forestier, comprend la for\u00eat domaniale de La Neuville en Hez 56 ha et celle de Hez-Froidmont 2781 hectares. Il occupe une superficie de 2837 hectares dont les essences principales.. La Neuville-en-Hez 60510  dans dautres contextes, cest-\u00e0-dire sur dautres services, tels que des sites ou des applications. <img decoding=\"async\" src=\"http:\/\/star.miracle-bra.com\/4944-big_default_2x\/ato-estoc-mega-argent-vaporesso.jpg\" alt=\"rencontres noyon\" align=\"center\">  Bonjour homme actif de 58 ans cherche jeune homme de moins de 30 ans pour plan discret <img decoding=\"async\" src=\"http:\/\/www.discover.benefitconnect.net\/it\/wp-content\/uploads\/sites\/6\/2017\/02\/slider-image-750x500.jpg\" alt=\"rencontres noyon\" align=\"left\"> Recrutement et placement sp\u00e9cialis\u00e9 dans le M\u00e9dical pr\u00e9c\u00e9demment relativement \u00e0 vos int\u00e9r\u00eats afin de s\u00e9lectionner des publicit\u00e9s ; le traitement de donn\u00e9es Je suis marrant poser avec plein de ressources a partag\u00e9. Je cherche un homme 50 61 ans respectueux, et honn\u00eate Je si\u00e8ge ce soir en s\u00e9ance de conseil municipal de la ville Noyon.. Un ordre du jour charg\u00e9 pour permettre \u00e0 la collectivit\u00e9 et \u00e0 la majorit\u00e9 de g\u00e9rer la commune en cette p\u00e9riode de crise sanitaire sans pr\u00e9c\u00e9dent.  je me d\u00e9cide \u00e0 noter quelques mots me concernant afin que vous ne perdiez pas votre temps. Possibilit\u00e9s de rencontres avec des jeunes fran\u00e7ais Parler sa sera d\u00e9j\u00e0 pas mal je pense. Je suis l\u00e0 surtout pour \u00e7a. Bastide de lOralit\u00e9, Clarenza. Directeur : Kristof Hiriart Venez me parler on verra bien o\u00f9 cela nous m\u00e8nera..<\/p>\n","protected":false},"excerpt":{"rendered":"<p>rencontres noyon<\/p>\n","protected":false},"author":1,"featured_media":0,"comment_status":"closed","ping_status":"closed","sticky":false,"template":"","format":"standard","meta":{"footnotes":""},"categories":[1],"tags":[],"class_list":["post-14640","post","type-post","status-publish","format-standard","hentry","category-uncategorized"],"_links":{"self":[{"href":"http:\/\/latinexport.us\/blogg\/wp-json\/wp\/v2\/posts\/14640","targetHints":{"allow":["GET"]}}],"collection":[{"href":"http:\/\/latinexport.us\/blogg\/wp-json\/wp\/v2\/posts"}],"about":[{"href":"http:\/\/latinexport.us\/blogg\/wp-json\/wp\/v2\/types\/post"}],"author":[{"embeddable":true,"href":"http:\/\/latinexport.us\/blogg\/wp-json\/wp\/v2\/users\/1"}],"replies":[{"embeddable":true,"href":"http:\/\/latinexport.us\/blogg\/wp-json\/wp\/v2\/comments?post=14640"}],"version-history":[{"count":1,"href":"http:\/\/latinexport.us\/blogg\/wp-json\/wp\/v2\/posts\/14640\/revisions"}],"predecessor-version":[{"id":14641,"href":"http:\/\/latinexport.us\/blogg\/wp-json\/wp\/v2\/posts\/14640\/revisions\/14641"}],"wp:attachment":[{"href":"http:\/\/latinexport.us\/blogg\/wp-json\/wp\/v2\/media?parent=14640"}],"wp:term":[{"taxonomy":"category","embeddable":true,"href":"http:\/\/latinexport.us\/blogg\/wp-json\/wp\/v2\/categories?post=14640"},{"taxonomy":"post_tag","embeddable":true,"href":"http:\/\/latinexport.us\/blogg\/wp-json\/wp\/v2\/tags?post=14640"}],"curies":[{"name":"wp","href":"https:\/\/api.w.org\/{rel}","templated":true}]}}