{"id":14664,"date":"2020-10-18T03:53:23","date_gmt":"2020-10-18T03:53:23","guid":{"rendered":"http:\/\/latinexport.us\/blogg\/?p=14664"},"modified":"2020-10-06T23:04:15","modified_gmt":"2020-10-06T23:04:15","slug":"les-rencontres-du-sud-arles","status":"publish","type":"post","link":"http:\/\/latinexport.us\/blogg\/2020\/10\/18\/les-rencontres-du-sud-arles\/","title":{"rendered":"Les Rencontres Du Sud Arles"},"content":{"rendered":"<p>En poursuivant votre navigation sur le site Club Med, vous acceptez lutilisation de cookies pour personnaliser votre navigation, am\u00e9liorer votre exp\u00e9rience et disposer de services et doffres adapt\u00e9s \u00e0 vos centres dint\u00e9r\u00eats. Le Conseil dAdministration a approuv\u00e9 lid\u00e9e dun travail pour d\u00e9finir une nouvelle forme de proposition artistique pour la rentr\u00e9e culturelle septembre-octobre 2020. Pour d\u00e9couvrir les coups de c\u0153ur de Fran\u00e7oise Degeorges, les 5 et 12 ao\u00fbt prochains, de 23h \u00e0 minuit dans, une \u00e9mission consacr\u00e9e aux musiques de la rencontre, quelle soit g\u00e9ographique, humaine, stylistique, temporelle ou totalement fortuite.. <img decoding=\"async\" src=\"http:\/\/fotopassion.fr\/wp-content\/uploads\/2011\/06\/RPA-02-480x223.jpg\" alt=\"les rencontres du sud arles\" align=\"left\"> Fort de son succ\u00e8s, le VR Arles Festival va t\u00e2cher de gagner en ambition pour sa cinqui\u00e8me \u00e9dition. Lutilisation dun plus grand espace et de moyens techniques plus cons\u00e9quents sont notamment \u00e0 l\u00e9tude afin de proposer des exp\u00e9riences plus interactives. Victoire Thevenin, directrice du festival, ne cache pas non plus sa volont\u00e9 dexpansion \u00e0 linternational. La circulation routi\u00e8re peut \u00eatre rendue tr\u00e8s difficile sur lensemble du r\u00e9seau. Autant de bonnes raisons, pour le berceau arl\u00e9sien des Rencontres, de capitaliser sur la pellicule. Un nouveau b\u00e2timent financ\u00e9 sur fonds publics sort de terre dans la sous-pr\u00e9fecture des Bouches-du-Rh\u00f4ne et abritera bient\u00f4t lEcole nationale sup\u00e9rieure de la photographie dans des locaux plus spacieux et modernes que son actuel couvent du XVIIIe si\u00e8cle. Et le maire communiste, Herv\u00e9 Schiavetti, a port\u00e9 \u00e0 12 la part du budget allou\u00e9 \u00e0 la culture, laquelle fait vivre 10 de la population active, plus encore que le tourisme, dans sa commune de 53.000 habitants. <img decoding=\"async\" src=\"http:\/\/no.france.fr\/sites\/default\/files\/arles_vue_aerienne_g.vlassis.jpg\" alt=\"les rencontres du sud arles\" align=\"right\"> Zone Franche Actualit\u00e9s-Les Suds \u00e0 Arles : Rencontres professionnelles du 9 au 13 juillet 2018 Les Moments Pr\u00e9cieux, Cour de lArchev\u00each\u00e9 Les Moments Pr\u00e9cieux, Cour de lArchev\u00each\u00e9 D\u00e9couvrez l\u00e9dition du jour du Daily en vous inscrivant gratuitement!  Anonyme surnomm\u00e9 Zorro ayant une pratique dautoportrait d\u00e9guis\u00e9 ou travesti, 1967. Bruno Decharme collection. Fabricant doutils pour la maroquinerie et d\u00e9quipements pour la\u00e9ronautique, la PME a cr\u00e9\u00e9 mi-avril une unit\u00e9 de confection de surblouses lavables. Objectifs : r\u00e9pondre \u00e0 lurgence. Fidelio.. Une renomm\u00e9e dans la rencontre s\u00e9rieuse depuis 40 ans! Le maire dArles, Herv\u00e9 Schiavetti, navait pas entam\u00e9 de proc\u00e9dures contre ces travaux, mais, indique lhebdomadaire, des associations de d\u00e9fense du patrimoine envisagent de saisir la justice.. La Fondation partenaire du Festival Les Suds \u00e0 Arles Le Festival 48 images seconde, rendez-vous entre le cin\u00e9ma qu\u00e9b\u00e9cois et la francophonie qui devait se d\u00e9rouler \u00e0 Florac Loz\u00e8re du 15 au 19 avril 2020. Les organisateurs ont propos\u00e9 que la programmation du festival soit rendue disponible en ligne. Du 4 au 9 mai 2020, les spectateurs auront acc\u00e8s aux 6 films de la comp\u00e9tition et pourront voter pour d\u00e9cerner le prix du public. <img decoding=\"async\" src=\"http:\/\/www.lepoint.fr\/images\/2017\/07\/07\/9355879lpw-9355978-article-francecultureartsfestivalphotography-jpg_4407930_660x281.jpg\" alt=\"les rencontres du sud arles\" align=\"right\">  Lacritique.org est une revue dart contemporain en ligne, qui souhaite remettre \u00e0, Eric Knoll, Maindru, Sportfot, La Foucheraie, Scoopdyga Tony Gatlif et l\u00e9quipe du film DJAM \u00e9taient aux Suds, \u00e0 Arles pour la 23e \u00e9dition du festival. D\u00e9couvrez un reportage de France 3 PACA. Car Arles est la plate-forme de tous les acteurs de la photo, de tous les styles. Avec 35 expositions et 250 photographes repr\u00e9sent\u00e9s, entreprises et fondations nont que lembarras des artistes \u00e0 soutenir. Certains sont fid\u00e8les comme Olympus ou. Nous accompagnons depuis 2010 ce festival tr\u00e8s dynamique et en fort d\u00e9veloppement. Il souvre aux nouvelles pratiques photographiques, ce qui est tr\u00e8s important pour BMW, dont linnovation est au coeur de la d\u00e9marche, pr\u00e9cise Maryse Bataillard, responsable du m\u00e9c\u00e9nat du constructeur allemand. Un lieu de business Top recherche des internautes Itin\u00e9raires \u00e0 d\u00e9couvrir en France Offre 100 num\u00e9rique: 1 le 1er mois sans engagement Montant du don : Faire un don S\u00e9lectionnez le mode de paiement .<\/p>\n","protected":false},"excerpt":{"rendered":"<p>les rencontres du sud arles<\/p>\n","protected":false},"author":1,"featured_media":0,"comment_status":"closed","ping_status":"closed","sticky":false,"template":"","format":"standard","meta":{"footnotes":""},"categories":[1],"tags":[],"class_list":["post-14664","post","type-post","status-publish","format-standard","hentry","category-uncategorized"],"_links":{"self":[{"href":"http:\/\/latinexport.us\/blogg\/wp-json\/wp\/v2\/posts\/14664","targetHints":{"allow":["GET"]}}],"collection":[{"href":"http:\/\/latinexport.us\/blogg\/wp-json\/wp\/v2\/posts"}],"about":[{"href":"http:\/\/latinexport.us\/blogg\/wp-json\/wp\/v2\/types\/post"}],"author":[{"embeddable":true,"href":"http:\/\/latinexport.us\/blogg\/wp-json\/wp\/v2\/users\/1"}],"replies":[{"embeddable":true,"href":"http:\/\/latinexport.us\/blogg\/wp-json\/wp\/v2\/comments?post=14664"}],"version-history":[{"count":1,"href":"http:\/\/latinexport.us\/blogg\/wp-json\/wp\/v2\/posts\/14664\/revisions"}],"predecessor-version":[{"id":14665,"href":"http:\/\/latinexport.us\/blogg\/wp-json\/wp\/v2\/posts\/14664\/revisions\/14665"}],"wp:attachment":[{"href":"http:\/\/latinexport.us\/blogg\/wp-json\/wp\/v2\/media?parent=14664"}],"wp:term":[{"taxonomy":"category","embeddable":true,"href":"http:\/\/latinexport.us\/blogg\/wp-json\/wp\/v2\/categories?post=14664"},{"taxonomy":"post_tag","embeddable":true,"href":"http:\/\/latinexport.us\/blogg\/wp-json\/wp\/v2\/tags?post=14664"}],"curies":[{"name":"wp","href":"https:\/\/api.w.org\/{rel}","templated":true}]}}