{"id":14714,"date":"2020-10-19T11:08:26","date_gmt":"2020-10-19T11:08:26","guid":{"rendered":"http:\/\/latinexport.us\/blogg\/?p=14714"},"modified":"2020-10-07T00:54:22","modified_gmt":"2020-10-07T00:54:22","slug":"rencontre-avec-philippe-djian","status":"publish","type":"post","link":"http:\/\/latinexport.us\/blogg\/2020\/10\/19\/rencontre-avec-philippe-djian\/","title":{"rendered":"Rencontre Avec Philippe Djian"},"content":{"rendered":"<p> Confidentialit\u00e9 et cookies : ce site utilise des cookies. En continuant \u00e0 naviguer sur ce site, vous acceptez que nous en utilisions. M\u00eame si ses premiers romans peinent \u00e0 trouver leur public, tr\u00e8s t\u00f4t la critique salue un \u00e9crivain novateur, allant jusqu\u00e0 \u00e9voquer la naissance dun mythe T\u00e9l\u00e9rama. D\u00e9couvrez le deuxi\u00e8me \u00e9pisode du tout nouveau podcast des \u00e9ditions du Masque : Conversation dans le noir. Par F\u00e9lix Brun-Lagrandeparade.com Douze histoires, douze d\u00e9clinaisons dune des maladies de notre civilisation : la possession sous toutes ses formes, sous tous ses travers, ses faiblesses, ses d\u00e9bauches, ses maux.. GN_Lire la suite.. Cest vrai, et pourtant ce n\u00e9tait pas du tout pr\u00e9m\u00e9dit\u00e9! Retrouvez le meilleur de T\u00e9l\u00e9rama avec nos quatre newsletters : La Quotidienne, T\u00e9l\u00e9rama Sortir Grand Paris, T\u00e9l\u00e9rama Soir\u00e9e abonn\u00e9 et T\u00e9l\u00e9rama Week-end abonn\u00e9 Nos applis mobile Vous avez la r\u00e9putation d\u00eatre extr\u00eamement perfectionniste quant \u00e0 lutilisation de la langue? Der Unkostenbeit ra g f\u00fcr da s Treffen inkl. Mittagessen b etr \u00e4gt Fr 20. Votre adresse de messagerie ne sera pas publi\u00e9e. Les champs obligatoires sont indiqu\u00e9s avec Pour faire le point sur les diff\u00e9rentes manifestations auxquelles Philippe Djian participe durant les prochaines semaines, en voici la synth\u00e8se :  de vous relater cette rencontre, imaginez lambiance du jour en question, Jai \u00e9norm\u00e9ment appr\u00e9ci\u00e9 de pouvoir suivre cette formation avec Philippe Djian, qui nous a encadr\u00e9s sans jugement, en nous laissant beaucoup de libert\u00e9 tout en restant centr\u00e9 sur lessentiel : l\u00e9criture. Jai pour ma part je crois \u00e9norm\u00e9ment progress\u00e9 : dans mon \u00e9criture sans doute jesp\u00e8re! mais aussi dans la retenuepudeur qui \u00e9tait est encore pour moi une vraie auto-censure Parce quune autre personne ou vous est en train de lire Le Monde avec ce compte sur un autre appareil. <img decoding=\"async\" src=\"http:\/\/www.atlantico.fr\/sites\/atlantico.fr\/files\/styles\/une\/public\/images\/2018\/05\/a14321.jpg\" alt=\"rencontre avec philippe djian\" align=\"left\"> <img decoding=\"async\" src=\"http:\/\/fr.1001mags.com\/images\/couv\/A\/ANousParis\/672\/27296-ANousParis-672-Page-004.jpg\" alt=\"rencontre avec philippe djian\" align=\"left\"> Ph. Djian : Je me suis demand\u00e9 si cela resterait en noir et ou sil y aurait de la couleur. Javais d\u00e9j\u00e0 aim\u00e9 l\u00e9tape pr\u00e9c\u00e9dente les crayonn\u00e9s. Jaime beaucoup en noir et blanc. Mais comment cela se passe-t-il exactement, Jean-Philippe? Comment ty prends-tu au juste? Il d\u00e9m\u00e9nage souvent, a habit\u00e9 \u00e0, \u00e0, \u00e0 ou encore \u00e0, sur un conseil de,, ville o\u00f9 il a habit\u00e9 avec sa famille pr\u00e8s de cinq ann\u00e9es, \u00e0 la fin des ann\u00e9es 1990. Depuis que je suis parti explorer le royaume de mon p\u00e8re, je m\u00e9loigne chaque jour davantage de la ville et les nouvelles qui me parviennent se font de plus en plus rares. Paru durant l\u00e9t\u00e9 1992 dans Le Nouvel Observateur sous le titre Sarah et les ours ill. Alain Va\u00ebs, r\u00e9\u00e9dit\u00e9 en 2008 Ma nouvelle pr\u00e9f\u00e9r\u00e9e dErnest Hemingway. Un joyau de nature, de solitude heureuse, dadolescence, de style. R\u00e9\u00e9couter Philosopher avec Rohmer 33 : Fabrice Luchini : Celui qui ma nomm\u00e9, cest Eric Rohmer \u00e9couter 58 min 58 min Par Catherine Verne-Lagrandeparade.com Les Printemps et Automnes sont ces r\u00e9cits relatant les haut-faits marquant la Chine de 722 \u00e0 468 avant J\u00e9sus Christ. Ce sont les historiographes du royaume de Lu, comptant.. GN_Lire la suite.. Vous navez \u00e9crit quun seul sc\u00e9nario original, celui de Ne fais pas \u00e7a 2003 r\u00e9alis\u00e9 par Luc Bondy. Pourquoi navoir plus jamais \u00e9crit pour le cin\u00e9ma apr\u00e8s \u00e7a? Larticle na pas \u00e9t\u00e9 envoy\u00e9-V\u00e9rifiez vos adresses e-mail! <img decoding=\"async\" src=\"http:\/\/lemotetlachose.blog.lemonde.fr\/files\/2015\/02\/djian-voyages_louvre_gallimard.jpg\" alt=\"rencontre avec philippe djian\" align=\"right\">  Stephan Eicher et Philippe Djian: Tu ne me dois rien sur WAT.tv Im Anschlus s folgte ei n Arbeitsessen m it P eter Maurer, dem..<\/p>\n","protected":false},"excerpt":{"rendered":"<p>rencontre avec philippe djian<\/p>\n","protected":false},"author":1,"featured_media":0,"comment_status":"closed","ping_status":"closed","sticky":false,"template":"","format":"standard","meta":{"footnotes":""},"categories":[1],"tags":[],"class_list":["post-14714","post","type-post","status-publish","format-standard","hentry","category-uncategorized"],"_links":{"self":[{"href":"http:\/\/latinexport.us\/blogg\/wp-json\/wp\/v2\/posts\/14714","targetHints":{"allow":["GET"]}}],"collection":[{"href":"http:\/\/latinexport.us\/blogg\/wp-json\/wp\/v2\/posts"}],"about":[{"href":"http:\/\/latinexport.us\/blogg\/wp-json\/wp\/v2\/types\/post"}],"author":[{"embeddable":true,"href":"http:\/\/latinexport.us\/blogg\/wp-json\/wp\/v2\/users\/1"}],"replies":[{"embeddable":true,"href":"http:\/\/latinexport.us\/blogg\/wp-json\/wp\/v2\/comments?post=14714"}],"version-history":[{"count":1,"href":"http:\/\/latinexport.us\/blogg\/wp-json\/wp\/v2\/posts\/14714\/revisions"}],"predecessor-version":[{"id":14715,"href":"http:\/\/latinexport.us\/blogg\/wp-json\/wp\/v2\/posts\/14714\/revisions\/14715"}],"wp:attachment":[{"href":"http:\/\/latinexport.us\/blogg\/wp-json\/wp\/v2\/media?parent=14714"}],"wp:term":[{"taxonomy":"category","embeddable":true,"href":"http:\/\/latinexport.us\/blogg\/wp-json\/wp\/v2\/categories?post=14714"},{"taxonomy":"post_tag","embeddable":true,"href":"http:\/\/latinexport.us\/blogg\/wp-json\/wp\/v2\/tags?post=14714"}],"curies":[{"name":"wp","href":"https:\/\/api.w.org\/{rel}","templated":true}]}}