{"id":15010,"date":"2020-10-19T09:48:07","date_gmt":"2020-10-19T09:48:07","guid":{"rendered":"http:\/\/latinexport.us\/blogg\/?p=15010"},"modified":"2020-10-07T09:17:34","modified_gmt":"2020-10-07T09:17:34","slug":"premier-ministre-qui-rencontre-pauline-marois-2","status":"publish","type":"post","link":"http:\/\/latinexport.us\/blogg\/2020\/10\/19\/premier-ministre-qui-rencontre-pauline-marois-2\/","title":{"rendered":"Premier Ministre Qui Rencontre Pauline Marois"},"content":{"rendered":"<p>Mme Marois: Oui, nous avons.. Oui, jai tr\u00e8s.. Merci beaucoup, Martine, cest une question tout \u00e0 fait pertinente, comme toutes les autres. Mais nous avons le sentiment que ce projet de loi est suffisamment fort pour changer la trajectoire. Sinon, je vous dis, on en aurait ajout\u00e9. \u00c0 son \u00e9quipe, elle demande dassainir loctroi des contrats publics, dans le contexte des travaux de la Commission Charbonneau Commission denqu\u00eate form\u00e9e le 19 octobre 2011sur loctroi et la gestion des contrats publics dans lindustrie de la construction, de rendre plus efficace le r\u00e9seau de la sant\u00e9, exsangue, de d\u00e9finir une nouvelle politique industrielle, de faire la paix avec les \u00e9tudiants universitaires apr\u00e8s une gr\u00e8ve contre les droits de scolarit\u00e9 impos\u00e9s par le gouvernement pr\u00e9c\u00e9dent voir et de r\u00e9tablir les cours dhistoire au primaire et au secondaire.  Lobjectif du gouvernement consiste \u00e0 renforcer la place du fran\u00e7ais au Qu\u00e9bec, ni plus ni moins. Je vous invite \u00e0 participer \u00e0 cet effort avec la m\u00eame ardeur que celle que je mettrai \u00e0 d\u00e9fendre vos droits. Notre souhait, comme nation, cest dint\u00e9grer \u00e0 la majorit\u00e9 francophone celles et ceux qui, venant des quatre coins du monde, font le choix de se joindre \u00e0 nous. Nous voulons continuer \u00e0 b\u00e2tir une soci\u00e9t\u00e9 au sein de laquelle tous les citoyens sont des Qu\u00e9b\u00e9cois \u00e0 part enti\u00e8re, quils soient originaires de La Sarre ou de Dakar. Une nation, mais tiss\u00e9e serr\u00e9, avec le fran\u00e7ais comme fil de trame. Ce que nous voulons b\u00e2tir, cest un Qu\u00e9bec fran\u00e7ais pour tous. <img decoding=\"async\" src=\"http:\/\/www.magazinetransatlantique.com\/images\/stephen_harper.jpg\" alt=\"premier ministre qui rencontre pauline marois\" align=\"right\">  Sur la page daccueil de l-express.ca, vous verrez tout ce qui est important dans le Grand Toronto-en fran\u00e7ais! Des d\u00e9put\u00e9s p\u00e9quistes r\u00e9\u00e9lus, dont le doyen de lAssembl\u00e9e nationale, Fran\u00e7ois Gendron, ont fait l\u00e9loge de celle qui aura si\u00e9g\u00e9 \u00e0 Qu\u00e9bec pendant pr\u00e8s de 30 ans. Jai envie de vous le redire parce que je vous entends vous d\u00e9tester, vous r\u00e9former, vous analyser, vous diagnostiquer et vous r\u00e9duire depuis tant dann\u00e9es. Je nous entends parler, collectivement, un nouveau langage qui me para\u00eet ne pas servir la sant\u00e9 mentale, bien au contraire. Nous navons plus peur, nous ne sommes plus inquiets, non, nous faisons de lanxi\u00e9t\u00e9. Nous ne parlons plus de notre grande douleur, de combien elle nous a transform\u00e9s, de ce quelle est venue d\u00e9poser de sens \u00e0 nos pieds, non, nous nous disons rapidement : je ne suis pas normale. Nous avons cess\u00e9 de nous trouver beaux ou belles dans notre passion, dans nos fusions, dans nos d\u00e9sirs. Nous nous d\u00e9clarons plut\u00f4t d\u00e9pendants affectifs. La liste est longue et se r\u00e9sume en une pathologisation graduelle de nombreux \u00e9tats tout simplement humains. <img decoding=\"async\" src=\"http:\/\/www.hanafi-art.com\/tableaux2\/jean_charest.jpg\" alt=\"premier ministre qui rencontre pauline marois\" align=\"right\"> Vous pouvez aussi devenir membres de Bossons Fut\u00e9 en. Nous serions heureux de publier les documents que vous souhaitez partager. En William Marsden, How estate was built on public, farm lands, 22 septembre 2007. Mme Montgomery Angelica: Yes. Why did you feel it was necessary to introduce a mastery of French for graduates from English high schools and English c\u00e9geps? Le 1 er Cabinet Marois compte 24 ministres, y compris la, dont 9 femmes et 15 hommes. Le et le du gouvernement participent \u00e9galement aux d\u00e9lib\u00e9rations du. Ministre de la Main d\u0152uvre et de la S\u00e9curit\u00e9 du revenu 1983-1985  Wikipedia est une marque d\u00e9pos\u00e9e de la, organisation de bienfaisance r\u00e9gie par le paragraphe du code fiscal des \u00c9tats-Unis. Avec Madame Pauline Marois, premi\u00e8re ministre du Qu\u00e9bec <img decoding=\"async\" src=\"http:\/\/meteopolitique.com\/Fiches\/corruption\/JosPublic\/Deal-Blanchet-Marois-FTQ\/07.jpg\" alt=\"premier ministre qui rencontre pauline marois\" align=\"left\"> http:www.ledevoir.cominternationalactualites-internationales361142sommet-de-la-francophonie-pauline-marois-a-refuse-de-rencontrer-kabila Transcription Conf\u00e9rence de presse de Mme Pauline Marois, premi\u00e8re ministre et de Mme Diane De Courcy, ministre responsable de la Charte de la langue fran\u00e7aise M. Laforest Alain: Vous avez promis labolition des \u00e9coles passerelles; elles demeurent.<\/p>\n","protected":false},"excerpt":{"rendered":"<p>premier ministre qui rencontre pauline marois<\/p>\n","protected":false},"author":1,"featured_media":0,"comment_status":"closed","ping_status":"closed","sticky":false,"template":"","format":"standard","meta":{"footnotes":""},"categories":[1],"tags":[],"class_list":["post-15010","post","type-post","status-publish","format-standard","hentry","category-uncategorized"],"_links":{"self":[{"href":"http:\/\/latinexport.us\/blogg\/wp-json\/wp\/v2\/posts\/15010","targetHints":{"allow":["GET"]}}],"collection":[{"href":"http:\/\/latinexport.us\/blogg\/wp-json\/wp\/v2\/posts"}],"about":[{"href":"http:\/\/latinexport.us\/blogg\/wp-json\/wp\/v2\/types\/post"}],"author":[{"embeddable":true,"href":"http:\/\/latinexport.us\/blogg\/wp-json\/wp\/v2\/users\/1"}],"replies":[{"embeddable":true,"href":"http:\/\/latinexport.us\/blogg\/wp-json\/wp\/v2\/comments?post=15010"}],"version-history":[{"count":1,"href":"http:\/\/latinexport.us\/blogg\/wp-json\/wp\/v2\/posts\/15010\/revisions"}],"predecessor-version":[{"id":15011,"href":"http:\/\/latinexport.us\/blogg\/wp-json\/wp\/v2\/posts\/15010\/revisions\/15011"}],"wp:attachment":[{"href":"http:\/\/latinexport.us\/blogg\/wp-json\/wp\/v2\/media?parent=15010"}],"wp:term":[{"taxonomy":"category","embeddable":true,"href":"http:\/\/latinexport.us\/blogg\/wp-json\/wp\/v2\/categories?post=15010"},{"taxonomy":"post_tag","embeddable":true,"href":"http:\/\/latinexport.us\/blogg\/wp-json\/wp\/v2\/tags?post=15010"}],"curies":[{"name":"wp","href":"https:\/\/api.w.org\/{rel}","templated":true}]}}