{"id":15036,"date":"2020-10-19T09:05:02","date_gmt":"2020-10-19T09:05:02","guid":{"rendered":"http:\/\/latinexport.us\/blogg\/?p=15036"},"modified":"2020-10-07T10:04:51","modified_gmt":"2020-10-07T10:04:51","slug":"rencontre-privee-namur","status":"publish","type":"post","link":"http:\/\/latinexport.us\/blogg\/2020\/10\/19\/rencontre-privee-namur\/","title":{"rendered":"Rencontre Priv\u00e9e Namur"},"content":{"rendered":"<p>Une multitude d\u00e9changes gr\u00e2ce aux forums, blogs et chat Le roi Philippe se rendra jeudi apr\u00e8s-midi au commissariat de Saint-Servais Namur pour y rencontrer des policiers et assister \u00e0 plusieurs pr\u00e9sentations. La jolie jf 20ans.Jeune mais tr\u00e9s active et coquine. Simple, jolie, douche et vraiment ravissante.Je Vous invite a ma joindre dans mon paradise Secret du plaisi.. Comment cr\u00e9ez un profil FLR? Si vous \u00eates une femme dominatrice Lorsquil a retrouv\u00e9 ses esprits, la femme avait disparu et la victime s\u00e9tait fait voler gsm, ordinateur, etc. Tr\u00e8s facile dacc\u00e8s en transport et id\u00e9al pour visiter le centre pi\u00e9tonnier et la Citadelle ou se promener en Namourette sur la Meuse. <img decoding=\"async\" src=\"http:\/\/www.ardenneweb.eu\/files\/YvesCalbert\/019385136e30d3ae36498c8d9aa89d58.jpeg\" alt=\"rencontre priv\u00e9e namur\" align=\"left\">-Nominations-Session des doyens-Conseil presbyt\u00e9ral-Luxembourg-CIFRA-Ratelier-\u00c9chos de la session de Ciney-Cherche rencontre femme en relation de 46 ans cherche rencontre amicale <img decoding=\"async\" src=\"http:\/\/photos.gammvert.fr\/v5\/products\/full\/27814-plante-huitre-6.JPG\" alt=\"rencontre priv\u00e9e namur\" align=\"center\"> <img decoding=\"async\" src=\"http:\/\/www.more.wfcrimewatch.com\/upload\/medias\/Fourmies%20star%204.jpg\" alt=\"rencontre priv\u00e9e namur\" align=\"right\"> Pendant longtemps, la capitale de la Wallonie a eu la r\u00e9putation d\u00eatre une ville bourgeoise. Une ville pour un public plut\u00f4t \u00e2g\u00e9 et ais\u00e9. Une ville qui se pr\u00e9occupait peu des demandes des jeunes ou des publics plus pr\u00e9caris\u00e9s. Tous les textes, annonces, informations, contenus.. Quels quils soient sont prot\u00e9g\u00e9s par le Copyright. \u24b8 2020   Mgr Vancottem consacre son billet \u00e0 La F\u00eate des diaconies en chemin qui marquera non pas la fin dune ann\u00e9e consacr\u00e9e \u00e0 ce th\u00e8me mais plut\u00f4t un envoi. Une f\u00eate qui aura lieu \u00e0 Beauraing le 18 octobre. Ce num\u00e9ro doctobre fait bien s\u00fbr la part belle \u00e0 lactualit\u00e9 dans notre dioc\u00e8se La rubrique A l\u00e9coute des jeunes Eglises propose elle une r\u00e9flexion sur le mariage en Afrique noire. La pastorale des personnes handicap\u00e9es donne des conseils pour accueillir, dans de bonnes conditions, des fid\u00e8les malentendants ou sourds. Une parution qui pr\u00e9sente aussi les stages et les conf\u00e9rences qui auront lieu, dans les prochaines semaines, dans les diff\u00e9rents centres spirituels. Vous aimez lire? Les publications sont nombreuses: votre choix sera facilit\u00e9 gr\u00e2ce aux recensions. Notre intervention est limit\u00e9e dans le temps soit par les parents en accord avec le service, soit par les autorit\u00e9s mandantes judiciaires ou administratives, soit par le service lui-m\u00eame. Natachaladouce, un couple les 2 bi. De 50 et 50 ans,,,  Il ne faut plus d\u00e9sormais m\u00e9moriser des noms ou appellations ; Poss\u00e9dez-vous une location de vacances? Inscrivez-la ici.<\/p>\n","protected":false},"excerpt":{"rendered":"<p>rencontre priv\u00e9e namur<\/p>\n","protected":false},"author":1,"featured_media":0,"comment_status":"closed","ping_status":"closed","sticky":false,"template":"","format":"standard","meta":{"footnotes":""},"categories":[1],"tags":[],"class_list":["post-15036","post","type-post","status-publish","format-standard","hentry","category-uncategorized"],"_links":{"self":[{"href":"http:\/\/latinexport.us\/blogg\/wp-json\/wp\/v2\/posts\/15036","targetHints":{"allow":["GET"]}}],"collection":[{"href":"http:\/\/latinexport.us\/blogg\/wp-json\/wp\/v2\/posts"}],"about":[{"href":"http:\/\/latinexport.us\/blogg\/wp-json\/wp\/v2\/types\/post"}],"author":[{"embeddable":true,"href":"http:\/\/latinexport.us\/blogg\/wp-json\/wp\/v2\/users\/1"}],"replies":[{"embeddable":true,"href":"http:\/\/latinexport.us\/blogg\/wp-json\/wp\/v2\/comments?post=15036"}],"version-history":[{"count":1,"href":"http:\/\/latinexport.us\/blogg\/wp-json\/wp\/v2\/posts\/15036\/revisions"}],"predecessor-version":[{"id":15037,"href":"http:\/\/latinexport.us\/blogg\/wp-json\/wp\/v2\/posts\/15036\/revisions\/15037"}],"wp:attachment":[{"href":"http:\/\/latinexport.us\/blogg\/wp-json\/wp\/v2\/media?parent=15036"}],"wp:term":[{"taxonomy":"category","embeddable":true,"href":"http:\/\/latinexport.us\/blogg\/wp-json\/wp\/v2\/categories?post=15036"},{"taxonomy":"post_tag","embeddable":true,"href":"http:\/\/latinexport.us\/blogg\/wp-json\/wp\/v2\/tags?post=15036"}],"curies":[{"name":"wp","href":"https:\/\/api.w.org\/{rel}","templated":true}]}}