{"id":269,"date":"2020-09-18T15:32:56","date_gmt":"2020-09-18T15:32:56","guid":{"rendered":"http:\/\/latinexport.us\/blogg\/?p=269"},"modified":"2020-09-18T12:39:12","modified_gmt":"2020-09-18T12:39:12","slug":"rencontre-de-gothique-sur-strasbourg","status":"publish","type":"post","link":"http:\/\/latinexport.us\/blogg\/2020\/09\/18\/rencontre-de-gothique-sur-strasbourg\/","title":{"rendered":"Rencontre De Gothique Sur Strasbourg"},"content":{"rendered":"<p>Gothiques dAmiens vs Etoile Noire de Strasbourg 4-0 Dans la transcription propos\u00e9e du document ci-dessus, il faudrait \u00e9crire wohnhaft bei ihm habitant chez lui et non wohnschaft. <img decoding=\"async\" src=\"http:\/\/www.larousse.fr\/encyclopedie\/data\/images\/1314957-Canterbury_la_cath%C3%A9drale.jpg\" alt=\"rencontre de gothique sur strasbourg\" align=\"left\"> \u00e9valuer leur efficacit\u00e9. Cela consiste notamment dans le fait dutiliser des informations collect\u00e9es This website is using a security service to protect itself from online attacks. The action you just performed triggered the security solution. There are several actions that could trigger this block including submitting a certain word or phrase, a SQL command or malformed data. <img decoding=\"async\" src=\"http:\/\/lewebpedagogique.com\/hida\/files\/2017\/10\/Nef.jpg\" alt=\"rencontre de gothique sur strasbourg\" align=\"center\"> Le dessin de la partie centrale de la fa\u00e7ade jusquau beffroi est par sa dimension 410 cm de haut et lutilisation de la couleur, lun des plus spectaculaires dessins darchitecture de tout le Moyen Age. Il est le premier de ceux r\u00e9alis\u00e9s au nord des Alpes \u00e0 pr\u00e9senter un programme sculpt\u00e9 complet. Plusieurs feuilles de parchemin ont \u00e9t\u00e9 utilis\u00e9es pour sa r\u00e9alisation. Peu maniable, un tel dessin avait certainement avant tout une fonction de repr\u00e9sentation \u00e0 lintention des commanditaires. Facing the old market is the most eloquent example. Pisanello. Portrait dune jeune princesse v. 1435-40 C\u00e9tait pour Albert Einstein le d\u00e9but dune c\u00e9l\u00e9brit\u00e9 plan\u00e9taire, bien au-del\u00e0 des cercles scientifiques&#8230; Les Gothiques obtiennent une autre bonne chance avec la doublette Crowder Narbonne. Le d\u00e9fenseur rate une nouvelle fois sa reprise 2:48. Son rat\u00e9 est surtout d\u00fb \u00e0 un magnifique glob save de Hiadlovsky. Quelques instants apr\u00e8s, Riendeau rate une cage d\u00e9sert quand il tente de reprendre le puck en lair en mode baseball 3:45. <img decoding=\"async\" src=\"http:\/\/gazettesports.fr\/wp-content\/uploads\/2017\/01\/hockey-sur-glace-Amiens-Strasbourg-0002-Roland-Sauval-gazette-sport.jpg\" alt=\"rencontre de gothique sur strasbourg\" align=\"center\"> Strasbourg, cath\u00c3drale\u00c2 : la galerie des ap\u00c3tres de la fa\u00c3ade Strasbourg 1400, un foyer dart dans leurope gothique Propos\u00e9e par Xinna    Entre 1290 et 1320 environ est r\u00c3alis\u00c3e la nef \u00c3lanc\u00c3e \u00c3 transept occidental. Un \u00c3l\u00c3ment des piles octogonales monte jusquaux vo\u00c3tes et d\u00c3limite les trav\u00c3es. Les fen\u00c3\u00aatres \u00c3 trois lancettes, soulign\u00c3es par un bandeau, sont relativement grandes et assurent une \u00c3l\u00c3vation \u00c3 trois \u00c3tages. Au Sud, le bas-c\u00c3t\u00c3 est d\u00c3doubl\u00c3 en forme de halle comme \u00c3 Wissembourg. Une rang\u00c3e de colonnes sans chapiteaux re\u00c3oit les vo\u00c3tes et soutient en m\u00c3\u00aame temps la cul\u00c3e interm\u00c3diaire des arcs-boutants. Nous utilisons des cookies afin de personnaliser le contenu et les fonctionnalit\u00e9s de notre site. En continuant \u00e0 naviguer, vous acceptez leur utilisation. Plus de d\u00e9tails sur notre politique dutilisation des cookies. The English-speaking world, only to find themselves, along with the.. Cest notamment l\u00e0 que vous pourrez admirer la majestueuse Cath\u00e9drale Notre-Dame de Strasbourg. Ne la ratez pas car cest la plus ancienne cath\u00e9drale gothique au monde. V\u00e9ritable chef d\u0153uvre du temps des b\u00e2tisseurs avec sa fl\u00e8che de 143 m\u00e8tres de haut, sa grande rosace et son horloge astronomique. 22 mai 2019 : Moyen \u00c2ge : lexpression place dembl\u00e9e ces 1000 ans entre les splendeurs de la Rome antique et les feux de la Renaissance. Johann Georg : Jean-Georges 1803 Kleinfrankenheim La photo la plus instagrammable \u00e0 prendre sur place : une belle perspective des salles du Mus\u00e9e des Beaux-Arts : elles se succ\u00e8dent en enfilade sous les ors des anciens appartements princiers. Fabuleux dont les gargouilles sont des exemples fameux. Dienstknecht : domestique, valet 1903 Strasbourg.<\/p>\n","protected":false},"excerpt":{"rendered":"<p>rencontre de gothique sur strasbourg<\/p>\n","protected":false},"author":1,"featured_media":0,"comment_status":"closed","ping_status":"closed","sticky":false,"template":"","format":"standard","meta":{"footnotes":""},"categories":[1],"tags":[],"class_list":["post-269","post","type-post","status-publish","format-standard","hentry","category-uncategorized"],"_links":{"self":[{"href":"http:\/\/latinexport.us\/blogg\/wp-json\/wp\/v2\/posts\/269","targetHints":{"allow":["GET"]}}],"collection":[{"href":"http:\/\/latinexport.us\/blogg\/wp-json\/wp\/v2\/posts"}],"about":[{"href":"http:\/\/latinexport.us\/blogg\/wp-json\/wp\/v2\/types\/post"}],"author":[{"embeddable":true,"href":"http:\/\/latinexport.us\/blogg\/wp-json\/wp\/v2\/users\/1"}],"replies":[{"embeddable":true,"href":"http:\/\/latinexport.us\/blogg\/wp-json\/wp\/v2\/comments?post=269"}],"version-history":[{"count":1,"href":"http:\/\/latinexport.us\/blogg\/wp-json\/wp\/v2\/posts\/269\/revisions"}],"predecessor-version":[{"id":270,"href":"http:\/\/latinexport.us\/blogg\/wp-json\/wp\/v2\/posts\/269\/revisions\/270"}],"wp:attachment":[{"href":"http:\/\/latinexport.us\/blogg\/wp-json\/wp\/v2\/media?parent=269"}],"wp:term":[{"taxonomy":"category","embeddable":true,"href":"http:\/\/latinexport.us\/blogg\/wp-json\/wp\/v2\/categories?post=269"},{"taxonomy":"post_tag","embeddable":true,"href":"http:\/\/latinexport.us\/blogg\/wp-json\/wp\/v2\/tags?post=269"}],"curies":[{"name":"wp","href":"https:\/\/api.w.org\/{rel}","templated":true}]}}