{"id":295,"date":"2020-09-18T14:19:53","date_gmt":"2020-09-18T14:19:53","guid":{"rendered":"http:\/\/latinexport.us\/blogg\/?p=295"},"modified":"2020-09-18T13:02:25","modified_gmt":"2020-09-18T13:02:25","slug":"rencontre-des-acteurs-economiques-de-la-liaison-seine-escaut","status":"publish","type":"post","link":"http:\/\/latinexport.us\/blogg\/2020\/09\/18\/rencontre-des-acteurs-economiques-de-la-liaison-seine-escaut\/","title":{"rendered":"Rencontre Des Acteurs \u00c9conomiques De La Liaison Seine-Escaut"},"content":{"rendered":"<p> Liaison Seine-Escaut : Laliaison Seine-Escaut relie le bassin de la Seine au bassin de lEscaut ainsi quau delta Rhin-Escaut et au bassin rh\u00e9nan le tron\u00e7on central de ce projet consiste en la construction du canal Seine-Nord Europe de 106 kilom\u00e8tres sur le territoire fran\u00e7ais. Des am\u00e9nagements connexes sont pr\u00e9vus en Flandre, en Wallonie et en France. Les pays concern\u00e9s par ce projet sont la France, la Belgique les autorit\u00e9s flamandes et wallonnes sont comp\u00e9tentes en la mati\u00e8re, les Pays-Bas et lAllemagne. La Conf\u00e9rence intergouvernementale CIG, cr\u00e9\u00e9e le 24 septembre 2009, est charg\u00e9e de mener \u00e0 bien la r\u00e9alisation de ce projet. Le 17 octobre 2013, lors des journ\u00e9es RTE-T \u00e0 Tallinn, les ministres fran\u00e7ais, wallon et flamand des transports ont sign\u00e9 une d\u00e9claration dengagement concernant la r\u00e9alisation du Canal. Le 26 septembre 2014, le Premier ministre M. Valls a apport\u00e9 son soutien au projet et a fix\u00e9 pour objectif le lancement des travaux en 2017 et leur ach\u00e8vement en 2023. Le co\u00fbt estim\u00e9 du projet est de 4,5 \u00e0 4,8 milliards deuros. Ce projet est \u00e9ligible \u00e0 dimportants financements europ\u00e9ens dans le cadre du m\u00e9canisme dinterconnexion MIE 2014-2020 r\u00e9ponse positive de la Commission europ\u00e9enne en juillet 2015 pour un financement \u00e0 hauteur de 1 Md. Un cookie est un petit fichier texte d\u00e9pos\u00e9 sur votre ordinateur lors de la visite dun site ou de la consultation dune publicit\u00e9. Ils ont notamment pour but de collecter des informations relatives \u00e0 votre navigation sur les sites et de vous adresser des services personnalis\u00e9s. Champs obligatoires. Adresse email visible uniquement par lauteur du blog. Alain Vidalies, secr\u00e9taire dEtat en charge des Transports, de la Mer et de la P\u00eache, a rencontr\u00e9 \u00e0 Lens derni\u00e8rement ses homologues flamand et wallon pour travailler sur le dossier canal Seine-Nord Europe. Il sest ensuite rendu \u00e0 B\u00e9thune pour rencontrer les salari\u00e9s de VNF. <img decoding=\"async\" src=\"http:\/\/www.studdedj.ga\/img\/photos\/7560\/387067\/5ad7f5af16370_w.jpg\" alt=\"rencontre des acteurs \u00e9conomiques de la liaison seine-escaut\" align=\"left\"> \u03c0\u03b9\u03bd\u03b1\u03ba\u03b9\u03b4\u03b5\u03c2 \u03b1\u03c5\u03c4\u03bf\u03ba\u03b9\u03bd\u03b7\u03c4\u03c9\u03bd \u03b5\u03c5\u03c1\u03b5\u03c3\u03b7 \u03b9\u03b4\u03b9\u03bf\u03ba\u03c4\u03b7\u03c4\u03b7 16 \u0394\u03b5\u03ba\u03ad\u03bc\u03b2\u03c1\u03b9\u03bf\u03c2 2018, 12:39 de 1982 relevant du champ de comp\u00e9tence f\u00e9d\u00e9rale belge <img decoding=\"async\" src=\"http:\/\/s1.edi-static.fr\/Img\/BREVE\/2017\/2\/314431\/Dites-stop-aux-objections-clients-mal-traitees-L.jpg\" alt=\"rencontre des acteurs \u00e9conomiques de la liaison seine-escaut\" align=\"center\"> <img decoding=\"async\" src=\"http:\/\/seinenord-canal.com\/wp-content\/uploads\/2017\/03\/IMG_4774-10243.jpg\" alt=\"rencontre des acteurs \u00e9conomiques de la liaison seine-escaut\" align=\"right\"> Bibliographie-La vall\u00e9e de lOise ou comment saisir les opportunit\u00e9s dam\u00e9nagement du bassin parisien? Apur Google Tag Manager Le soutien europ\u00e9en se traduit actuellement, et jusquen 2022, par une contribution de 634 M, pour un programme dop\u00e9rations de 1464 M en France, Flandre et Wallonie. Celui-ci finance : Chaque jour, la r\u00e9daction des Echos r\u00e9pond \u00e0 votre besoin dune information fiable et vous aide \u00e0 prendre les meilleures d\u00e9cisions. \u039c\u03b1\u03bb\u03b9\u03c3\u03c4\u03b1 \u03c3\u03b5\u03c6 \u03b5\u03c0\u03b5\u03b9\u03c3\u03bf\u03b4\u03b9\u03bf 16 \u03c4\u03c1\u03b5\u03b9\u03bb\u03b5\u03c1 \u03ba\u03b1\u03bb\u03b5\u03c3\u03bc\u03b1 2 trailer 1 -: page du site SNCF-R\u00e9seau sur la modernisation de la gare de Bordeaux-St-Jean itin\u00e9raires amont et aval sont \u00e0 un gabarit V. L\u00e9cluse du Pr\u00e9sident : Geoffroy Caude, ing\u00e9nieur g\u00e9n\u00e9ral des ponts, des eaux et des for\u00eats. Membre permanent du conseil g\u00e9n\u00e9ral de lenvironnement et du d\u00e9veloppement durable, il a occup\u00e9 les postes de d\u00e9l\u00e9gu\u00e9 g\u00e9n\u00e9ral au sein de lunion des ports de France, de directeur du centre d\u00e9tudes techniques maritimes et fluviales, directeur dexploitation du port autonome du Havre et sous-directeur des voies navigables au Minist\u00e8re des transports. Geoffroy Caude est le pr\u00e9sident de lAIPCN, lassociation mondiale des infrastructures par voie deau. Visualiser le slug : anciens-numeros-widget-col-droite-fin Dans le cadre du m\u00e9canisme pour linterconnexion en-: p\u00e9tition lanc\u00e9e sur le site de la ville de Ch\u00e2tellerault pour d\u00e9noncer leffet tunnel  Lautre grande crainte des entrepreneurs, m\u00eame si certains se sont faits plus discrets devant notre micro que dautres, cest la crainte dune grande instabilit\u00e9 politique qui peut semparer de lHexagone. Lun dit : Et si les D\u00e9partements disparaissent vu que la r\u00e9forme territoriale est toujours en cours? Quatre D\u00e9partements financent le projet, deux R\u00e9gions dont LIle de France dont les 110 M ne sont quindicatifs Le D\u00e9partement du Pas de Calais veut dans la soci\u00e9t\u00e9 de Projet un syst\u00e8me de vote et un nombre de repr\u00e9sentants correspondant \u00e0 sa contribution. Une partie des \u00e9lus du D\u00e9partement du Nord ne voudront pas voter d\u00e9ventuels surco\u00fbts du canal Un autre patron remarque : Les majorit\u00e9s qui ont vot\u00e9 leur apport financier au CSN vont changer au fil des mois, il y aura sans doute de nouvelles priorit\u00e9s, on annonce une grande crise quand Mario Draghi, quittant tr\u00e8s prochainement la pr\u00e9sidence de la BCE, ne pourra plus exp\u00e9dier \u00e0 chaque gouvernement ces valises enti\u00e8res deuros. Le CSN restera-t-il alors cette priorit\u00e9 dont les politiques ont la bouche pleine aujourdhui?<\/p>\n","protected":false},"excerpt":{"rendered":"<p>rencontre des acteurs \u00e9conomiques de la liaison seine-escaut<\/p>\n","protected":false},"author":1,"featured_media":0,"comment_status":"closed","ping_status":"closed","sticky":false,"template":"","format":"standard","meta":{"footnotes":""},"categories":[1],"tags":[],"class_list":["post-295","post","type-post","status-publish","format-standard","hentry","category-uncategorized"],"_links":{"self":[{"href":"http:\/\/latinexport.us\/blogg\/wp-json\/wp\/v2\/posts\/295","targetHints":{"allow":["GET"]}}],"collection":[{"href":"http:\/\/latinexport.us\/blogg\/wp-json\/wp\/v2\/posts"}],"about":[{"href":"http:\/\/latinexport.us\/blogg\/wp-json\/wp\/v2\/types\/post"}],"author":[{"embeddable":true,"href":"http:\/\/latinexport.us\/blogg\/wp-json\/wp\/v2\/users\/1"}],"replies":[{"embeddable":true,"href":"http:\/\/latinexport.us\/blogg\/wp-json\/wp\/v2\/comments?post=295"}],"version-history":[{"count":1,"href":"http:\/\/latinexport.us\/blogg\/wp-json\/wp\/v2\/posts\/295\/revisions"}],"predecessor-version":[{"id":296,"href":"http:\/\/latinexport.us\/blogg\/wp-json\/wp\/v2\/posts\/295\/revisions\/296"}],"wp:attachment":[{"href":"http:\/\/latinexport.us\/blogg\/wp-json\/wp\/v2\/media?parent=295"}],"wp:term":[{"taxonomy":"category","embeddable":true,"href":"http:\/\/latinexport.us\/blogg\/wp-json\/wp\/v2\/categories?post=295"},{"taxonomy":"post_tag","embeddable":true,"href":"http:\/\/latinexport.us\/blogg\/wp-json\/wp\/v2\/tags?post=295"}],"curies":[{"name":"wp","href":"https:\/\/api.w.org\/{rel}","templated":true}]}}