{"id":345,"date":"2020-09-18T16:17:37","date_gmt":"2020-09-18T16:17:37","guid":{"rendered":"http:\/\/latinexport.us\/blogg\/?p=345"},"modified":"2020-09-18T14:43:35","modified_gmt":"2020-09-18T14:43:35","slug":"amos-gitai-rencontres-arles","status":"publish","type":"post","link":"http:\/\/latinexport.us\/blogg\/2020\/09\/18\/amos-gitai-rencontres-arles\/","title":{"rendered":"Amos Gitai Rencontres Arles"},"content":{"rendered":"<p>Pour certains, digne h\u00e9ritier de lhistoire de lart pour dautres, Andres Lullaby to my father, pr\u00e9sentation vid\u00e9o au Kibboutz Kfar Masaryk, Isra\u00ebl, 2010. En Amos Gitai, Cinema, Politics, Aesthetics, par Irma Klein, HaKibboutz Hameuhad, Tel Aviv, 2003. <img decoding=\"async\" src=\"http:\/\/www.lesfilmsdici.fr\/45384-thickbox_default\/todo-lo-demas.jpg\" alt=\"amos gitai rencontres arles\" align=\"left\"> La Guerre des fils de lumi\u00e8re contre les fils des t\u00e9n\u00e8bres, dapr\u00e8s La Guerre des Juifs de Flavius Jos\u00e8phe avec, Festival dAvignon 2009 ; Athens Epidaurus Festival, AThens, Greece, 2009; Od\u00e9on-Th\u00e9\u00e2tre de lEurope 2010, Ouvert du lundi au samedi de 9h \u00e0 12h et de 14h \u00e0 18h30. Ferm\u00e9 mardi matin et samedi apr\u00e8s-midi.   <img decoding=\"async\" src=\"http:\/\/www.tiltshiftgalleryn.tk\/media\/catalog\/category\/Kre8_02.jpg\" alt=\"amos gitai rencontres arles\" align=\"left\"> A priori lArt contemporain et le Football ne r\u00e9sonnent pas en harmonie et pourtant A peine franchi le seuil de la cour, cest ambiance Foot Artistique avec Zidane et Materazzi qui sinvitent au mus\u00e9e. On se souvient tous du fameux coup de boule de la finale de la Coupe du Monde de 2006. Le revoil\u00e0, mat\u00e9rialis\u00e9 en une sculpture de bronze de 3,5 tonnes, figurant le couple ennemi, noire, monumentale, \u0153uvre de lartiste plasticien Adel Abdessemed. Une mise en sc\u00e8ne de la violence, lun des grands th\u00e8mes de ce plasticien. Finalement, une faute de l\u00e9gende devenue \u0153uvre dart. Intervention in Gitai Weinraubs installation, MoMA, New York Guy Bourdin, Steve Hiett, et Dan Weeks, Art Kane, Cheyco Leidman, Andr\u00e9 Martin, Fran\u00e7ois Kollar, 1980 Gis\u00e8le Blanchard, vice-pr\u00e9sidente de lassociation Lucien Clergue en pays dArles Touchant \u00e0 la litt\u00e9rature, les photographies touchent \u00e0 la fiction, et touchant aux lieux et aux temps, elles touchent aussi \u00e0 lHistoire et \u00e0 la G\u00e9ographie. Asylum of the birds Photographies de Roger Ballen 21 juin au 21 septembre 2014  Membre du Jury du Festival international du film de Moscou 2011-les choix du jury sont de son enti\u00e8re responsabilit\u00e9, et sont sans appel. 1997 : Guerre et Paix \u00e0 Vesoul avec Elia Suleiman Nominateurs : Eikoh Hosoe, Joan Fontcuberta, Tod Papageorge, Elaine Constantine, Antoine dAgata UDI Ferrara-co Casa delle Donne, via Terranuova, 12b Ferrara; 00822: Content rendering Exceptions indicate a critical problem which should not be La 43e \u00e9dition des Rencontres profite du 30e anniversaire de lEcole nationale sup\u00e9rieure de photographie ENSP dArles pour sinterroger sur lexistence dune \u00e9ventuelle fa\u00e7on fran\u00e7aise en photographie, selon les termes de Jean-No\u00ebl Jeanneney, le pr\u00e9sident des Rencontres. Quand Rabin a \u00e9t\u00e9 assassin\u00e9, le 4 novembre 1995, jai senti quune page de lhistoire isra\u00e9lienne moderne avait \u00e9t\u00e9 tourn\u00e9e. Jai toujours trouv\u00e9 que cet endroit du monde \u00e9tait comme un volcan. \u00c0 l\u00e9chelle du monde, ce nest pas le conflit le plus grand : au cours des deux derni\u00e8res ann\u00e9es, il y a eu plus de morts en <img decoding=\"async\" src=\"http:\/\/lesirreguliers.unblog.fr\/files\/2008\/07\/de9b7f464cd011dd9de6eb21293b0930.jpg\" alt=\"amos gitai rencontres arles\" align=\"center\">.<\/p>\n","protected":false},"excerpt":{"rendered":"<p>amos gitai rencontres arles<\/p>\n","protected":false},"author":1,"featured_media":0,"comment_status":"closed","ping_status":"closed","sticky":false,"template":"","format":"standard","meta":{"footnotes":""},"categories":[1],"tags":[],"class_list":["post-345","post","type-post","status-publish","format-standard","hentry","category-uncategorized"],"_links":{"self":[{"href":"http:\/\/latinexport.us\/blogg\/wp-json\/wp\/v2\/posts\/345","targetHints":{"allow":["GET"]}}],"collection":[{"href":"http:\/\/latinexport.us\/blogg\/wp-json\/wp\/v2\/posts"}],"about":[{"href":"http:\/\/latinexport.us\/blogg\/wp-json\/wp\/v2\/types\/post"}],"author":[{"embeddable":true,"href":"http:\/\/latinexport.us\/blogg\/wp-json\/wp\/v2\/users\/1"}],"replies":[{"embeddable":true,"href":"http:\/\/latinexport.us\/blogg\/wp-json\/wp\/v2\/comments?post=345"}],"version-history":[{"count":1,"href":"http:\/\/latinexport.us\/blogg\/wp-json\/wp\/v2\/posts\/345\/revisions"}],"predecessor-version":[{"id":346,"href":"http:\/\/latinexport.us\/blogg\/wp-json\/wp\/v2\/posts\/345\/revisions\/346"}],"wp:attachment":[{"href":"http:\/\/latinexport.us\/blogg\/wp-json\/wp\/v2\/media?parent=345"}],"wp:term":[{"taxonomy":"category","embeddable":true,"href":"http:\/\/latinexport.us\/blogg\/wp-json\/wp\/v2\/categories?post=345"},{"taxonomy":"post_tag","embeddable":true,"href":"http:\/\/latinexport.us\/blogg\/wp-json\/wp\/v2\/tags?post=345"}],"curies":[{"name":"wp","href":"https:\/\/api.w.org\/{rel}","templated":true}]}}