{"id":361,"date":"2020-09-18T15:03:45","date_gmt":"2020-09-18T15:03:45","guid":{"rendered":"http:\/\/latinexport.us\/blogg\/?p=361"},"modified":"2020-09-18T14:59:10","modified_gmt":"2020-09-18T14:59:10","slug":"rencontres-du-livre-de-balma","status":"publish","type":"post","link":"http:\/\/latinexport.us\/blogg\/2020\/09\/18\/rencontres-du-livre-de-balma\/","title":{"rendered":"Rencontres Du Livre De Balma"},"content":{"rendered":"<p>Du 8 au 13 avril 2014, la ville de Balma organise la 15\u00e8me \u00e9dition des Rencontres du livre et du vin. \u00c0 loccasion du centenaire de la 1\u00e8re Guerre Mondiale, le festival litt\u00e9raire aura pour th\u00e8me cette ann\u00e9e : les \u00e9crivains francophones et la guerre. Il sera pr\u00e9sid\u00e9 par Claudie Gallay, auteure de romans publi\u00e9s aux \u00c9ditions Rouergue et chez Actes Sud tels que Seule Venise et Les D\u00e9ferlantes. <img decoding=\"async\" src=\"http:\/\/www.flashebdo.com\/wp-content\/uploads\/2014\/11\/rencontres-livre-vin.jpg\" alt=\"rencontres du livre de balma\" align=\"center\"> Marie-France Lecat \u00e0 la librairie Louis XIV de Saint-Jean-de-Luz 64 Festival nature et environnement, Les hivernales avec R\u00e9mi Cad\u00e9ne \u00e0 Puydarrieux 65 Merci \u00e0 ceux qui nous ont adress\u00e9 leurs r\u00e9ponses. Nous ne sommes pas d\u00e9\u00e7us. Maxbarteam \u00e0 la Maison de la presse de Soustons 40 \u00c0 quoi correspondent les diff\u00e9rentes couleurs de rev\u00eatement au sol? Salon de Balma : beau comme la rencontre du livre et du vin.-Le blog de magali duru C\u00e9cile Niqueux-Cad\u00e9ne et R\u00e9mi Cad\u00e9ne au Cultura de Lescar 64 Le programme complet, les auteurs invit\u00e9s et tout plein de d\u00e9tails: Le samedi 5 d\u00e9cembre 2015 \u00e0 17h, la librairie toulousaine Privat, diffuse le film Omo river, le cr \u00e9puscule du fleuve. Entr\u00e9e gratuite, mais attention la salle est petite! Le Rouge et le Rouge Co-Editions Tapuscribe et AaOo est un livre n\u00e9 de lassociation de deux artistes : et 15 mai : Salon et rencontres \u00e0 Fimes 51 pour leur F\u00eate du Livre <img decoding=\"async\" src=\"http:\/\/slagbordv.cf\/out\/pictures\/master\/product\/1\/kit-performance-chrome-sxt-scooters-trottinette-electrique.jpg\" alt=\"rencontres du livre de balma\" align=\"right\">  -le mercredi 15 f\u00e9v \u00e0 partir de 14h30 : Eric Becquet Consultez les horaires des activit\u00e9s pour la journ\u00e9e en cours et le lendemain Dans lintimit\u00e9 dexistences particuli\u00e8res, souvent sur les traces de lEspagne franquiste ou de la seconde guerre mondiale, elle observe les ravages du temps et les ratages de la vie, les souvenirs enfouis, les ombres et les folies des hommes. Jacques Mol\u00e9nat \u00e0 la librairie Libellis \u00e0 Narbonne 11 septembre : Rencontre avec les \u00e9l\u00e8ves de 3e et de 2nde du Lyc\u00e9e <img decoding=\"async\" src=\"http:\/\/www.take.christianhydrick.com\/Fiches\/images-fiches\/cm1\/sciences\/cm1-trace-ecrite-rotation-terre-2.JPG\" alt=\"rencontres du livre de balma\" align=\"right\"> Organis\u00e9e par la Ville de Balma et lassociation Toulouse Ecrivains Francophones, la manifestation est pr\u00e9sid\u00e9e cette ann\u00e9e par Dany Laferri\u00e8re Prix Medicis 2009. Mardi 5 novembre Le Havre : Librairie La Galerne \u00e0 17h30 Maxbarteam\u00e0 la librairie la Veill\u00e9e de Biscarosse 33 Bruno Jacquin Salon du livre de Triels sur Seine 78 Jaccepte que Confluences utilise mes coordonn\u00e9es pour me contacter Les Editions Les 3 Colonnes, proche des auteurs de Balma, 31130  1 Consultez la politique de PDF-137 ko concernant les services de t\u00e9l\u00e9phonie.<\/p>\n","protected":false},"excerpt":{"rendered":"<p>rencontres du livre de balma<\/p>\n","protected":false},"author":1,"featured_media":0,"comment_status":"closed","ping_status":"closed","sticky":false,"template":"","format":"standard","meta":{"footnotes":""},"categories":[1],"tags":[],"class_list":["post-361","post","type-post","status-publish","format-standard","hentry","category-uncategorized"],"_links":{"self":[{"href":"http:\/\/latinexport.us\/blogg\/wp-json\/wp\/v2\/posts\/361","targetHints":{"allow":["GET"]}}],"collection":[{"href":"http:\/\/latinexport.us\/blogg\/wp-json\/wp\/v2\/posts"}],"about":[{"href":"http:\/\/latinexport.us\/blogg\/wp-json\/wp\/v2\/types\/post"}],"author":[{"embeddable":true,"href":"http:\/\/latinexport.us\/blogg\/wp-json\/wp\/v2\/users\/1"}],"replies":[{"embeddable":true,"href":"http:\/\/latinexport.us\/blogg\/wp-json\/wp\/v2\/comments?post=361"}],"version-history":[{"count":1,"href":"http:\/\/latinexport.us\/blogg\/wp-json\/wp\/v2\/posts\/361\/revisions"}],"predecessor-version":[{"id":362,"href":"http:\/\/latinexport.us\/blogg\/wp-json\/wp\/v2\/posts\/361\/revisions\/362"}],"wp:attachment":[{"href":"http:\/\/latinexport.us\/blogg\/wp-json\/wp\/v2\/media?parent=361"}],"wp:term":[{"taxonomy":"category","embeddable":true,"href":"http:\/\/latinexport.us\/blogg\/wp-json\/wp\/v2\/categories?post=361"},{"taxonomy":"post_tag","embeddable":true,"href":"http:\/\/latinexport.us\/blogg\/wp-json\/wp\/v2\/tags?post=361"}],"curies":[{"name":"wp","href":"https:\/\/api.w.org\/{rel}","templated":true}]}}